{"id":2170,"date":"2019-02-15T09:00:49","date_gmt":"2019-02-15T09:00:49","guid":{"rendered":"https:\/\/tecnologiaparalaindustria.com\/?p=2170"},"modified":"2025-07-22T11:51:42","modified_gmt":"2025-07-22T11:51:42","slug":"configurazione-e-messa-in-servizio-di-inverter-di-frequenza","status":"publish","type":"post","link":"https:\/\/tecnologiaparalaindustria.com\/it\/configuracion-y-puesta-en-marcha-de-variadores-de-frecuencia\/","title":{"rendered":"Configurazione e messa in servizio dei convertitori di frequenza"},"content":{"rendered":"<div id=\"ez-toc-container\" class=\"ez-toc-v2_0_82_2 counter-hierarchy ez-toc-counter ez-toc-grey ez-toc-container-direction\">\n<div class=\"ez-toc-title-container\">\n<p class=\"ez-toc-title\" style=\"cursor:inherit\">Indice dei contenuti<\/p>\n<span class=\"ez-toc-title-toggle\"><a href=\"#\" class=\"ez-toc-pull-right ez-toc-btn ez-toc-btn-xs ez-toc-btn-default ez-toc-toggle\" aria-label=\"Allinea l&#039;indice dei contenuti\"><span class=\"ez-toc-js-icon-con\"><span class=\"\"><span class=\"eztoc-hide\" style=\"display:none;\">Toggle<\/span><span class=\"ez-toc-icon-toggle-span\"><svg style=\"fill: #999;color:#999\" xmlns=\"http:\/\/www.w3.org\/2000\/svg\" class=\"list-377408\" width=\"20px\" height=\"20px\" viewbox=\"0 0 24 24\" fill=\"none\"><path d=\"M6 6H4v2h2V6zm14 0H8v2h12V6zM4 11h2v2H4v-2zm16 0H8v2h12v-2zM4 16h2v2H4v-2zm16 0H8v2h12v-2z\" fill=\"currentColor\"><\/path><\/svg><svg style=\"fill: #999;color:#999\" class=\"arrow-unsorted-368013\" xmlns=\"http:\/\/www.w3.org\/2000\/svg\" width=\"10px\" height=\"10px\" viewbox=\"0 0 24 24\" version=\"1.2\" baseprofile=\"tiny\"><path d=\"M18.2 9.3l-6.2-6.3-6.2 6.3c-.2.2-.3.4-.3.7s.1.5.3.7c.2.2.4.3.7.3h11c.3 0 .5-.1.7-.3.2-.2.3-.5.3-.7s-.1-.5-.3-.7zM5.8 14.7l6.2 6.3 6.2-6.3c.2-.2.3-.5.3-.7s-.1-.5-.3-.7c-.2-.2-.4-.3-.7-.3h-11c-.3 0-.5.1-.7.3-.2.2-.3.5-.3.7s.1.5.3.7z\"\/><\/svg><\/span><\/span><\/span><\/a><\/span><\/div>\n<nav><ul class='ez-toc-list ez-toc-list-level-1' ><li class='ez-toc-page-1 ez-toc-heading-level-3'><a class=\"ez-toc-link ez-toc-heading-1\" href=\"https:\/\/tecnologiaparalaindustria.com\/it\/configuracion-y-puesta-en-marcha-de-variadores-de-frecuencia\/#Mapa_de_procesos_para_la_puesta_en_marcha_de_variadores_de_frecuencia\" >Mappa dei processi per l'avviamento di azionamenti a frequenza variabile<\/a><ul class='ez-toc-list-level-4' ><li class='ez-toc-heading-level-4'><a class=\"ez-toc-link ez-toc-heading-2\" href=\"https:\/\/tecnologiaparalaindustria.com\/it\/configuracion-y-puesta-en-marcha-de-variadores-de-frecuencia\/#Paso_1_Montaje_de_la_unidad\" >Passo 1: Montaggio dell'unit\u00e0<\/a><\/li><li class='ez-toc-page-1 ez-toc-heading-level-4'><a class=\"ez-toc-link ez-toc-heading-3\" href=\"https:\/\/tecnologiaparalaindustria.com\/it\/configuracion-y-puesta-en-marcha-de-variadores-de-frecuencia\/#Paso_2_Conexiones_de_motor\" >Passo 2: Collegamenti del motore<\/a><\/li><li class='ez-toc-page-1 ez-toc-heading-level-4'><a class=\"ez-toc-link ez-toc-heading-4\" href=\"https:\/\/tecnologiaparalaindustria.com\/it\/configuracion-y-puesta-en-marcha-de-variadores-de-frecuencia\/#Paso_3_Encender\" >Passaggio 3: Accensione:<\/a><\/li><li class='ez-toc-page-1 ez-toc-heading-level-4'><a class=\"ez-toc-link ez-toc-heading-5\" href=\"https:\/\/tecnologiaparalaindustria.com\/it\/configuracion-y-puesta-en-marcha-de-variadores-de-frecuencia\/#Paso_4_Confirmacion_de_direccion\" >Passo 4: Conferma dell'indirizzo<\/a><\/li><\/ul><\/li><\/ul><\/nav><\/div>\n\r\n<p>La configurazione e la messa in servizio degli inverter di frequenza sono una procedura che richiede l'osservanza di alcune direttive, le quali determinano la differenza tra installazioni che funzionano per anni e quelle che hanno cicli di vita molto pi\u00f9 brevi. Queste sono generali e si applicano alla maggior parte delle marche di unit\u00e0, ma \u00e8 importante leggere il manuale di installazione e la documentazione forniti.\u00a0<\/p>\r\n\r\n\r\n\r\n<p>Le specifiche dell'unit\u00e0 variano a seconda del tipo, del produttore e di altri parametri. Tuttavia, la configurazione e l'attivazione sono simili per tutti. La prima cosa da fare \u00e8 ispezionare l'unit\u00e0 per assicurarsi che non si siano verificati danni durante il trasporto. \u00c8 importante assicurarsi che il contenitore di spedizione sia in buone condizioni e che vengano ricevuti la documentazione, l'hardware e gli accessori appropriati.\u00a0<\/p>\r\n\r\n\r\n\r\n<p>Infine, \u00e8 consigliabile verificare le informazioni sulla targhetta del motore di azionamento e, se possibile, confermare le stesse informazioni sul foglio delle specifiche del motore per i fini di messa a punto, identificazione e per verificare la rotazione del motore. La prima messa in moto del variatore con il motore non collegato a un carico \u00e8 la migliore, anche se non \u00e8 strettamente necessaria.<\/p>\r\n\r\n\r\n\r\n<blockquote class=\"wp-block-quote is-layout-flow wp-block-quote-is-layout-flow\">\r\n<p>Questo passaggio deve corrispondere alla richiesta del cliente dopo averli rivisti prima <strong><a href=\"https:\/\/tecnologiaparalaindustria.com\/it\/como-seleccionar-variadores-de-frecuencia-para-mejorar-control-y-eficiencia-de-los-motores\/\" target=\"_blank\" rel=\"noreferrer noopener\" aria-label=\"selezionare azionamenti a frequenza variabile per migliorare il controllo e l&#039;efficienza dei motori. (apre in una nuova finestra)\">selezionare azionamenti<\/a> <a href=\"https:\/\/tecnologiaparalaindustria.com\/it\/como-seleccionar-variadores-de-frecuencia-para-mejorar-control-y-eficiencia-de-los-motores\/\" target=\"_blank\" rel=\"noreferrer noopener\" aria-label=\"selezionare azionamenti a frequenza variabile per migliorare il controllo e l&#039;efficienza dei motori. (apre in una nuova finestra)\">frequenza per migliorare il controllo e l'efficienza dei motori<\/a><\/strong><a href=\"https:\/\/tecnologiaparalaindustria.com\/it\/como-seleccionar-variadores-de-frecuencia-para-mejorar-control-y-eficiencia-de-los-motores\/\" target=\"_blank\" rel=\"noreferrer noopener\" aria-label=\"selezionare azionamenti a frequenza variabile per migliorare il controllo e l&#039;efficienza dei motori. (apre in una nuova finestra)\">.<\/a><\/p>\r\n<\/blockquote>\r\n\r\n\r\n\r\n<h3 class=\"wp-block-heading\"><span class=\"ez-toc-section\" id=\"Mapa_de_procesos_para_la_puesta_en_marcha_de_variadores_de_frecuencia\"><\/span><strong>Mappa dei processi per l'avviamento di azionamenti a frequenza variabile<\/strong><span class=\"ez-toc-section-end\"><\/span><\/h3>\r\n\r\n\r\n\r\n<h4 class=\"wp-block-heading\"><span class=\"ez-toc-section\" id=\"Paso_1_Montaje_de_la_unidad\"><\/span><strong>Passo 1: Montaggio dell'unit\u00e0<\/strong><span class=\"ez-toc-section-end\"><\/span><\/h4>\r\n\r\n\r\n\r\n<p>In genere, si tratta di apparecchiature che vengono solitamente montate all'interno di un quadro o su una guida DIN, il tutto dipender\u00e0 dalle dimensioni richieste dal cliente. Indipendentemente dalle dimensioni o dal fatto che l'unit\u00e0 si trovi all'interno di un quadro, lo spazio \u00e8 sempre importante.\u00a0<\/p>\r\n\r\n\r\n\r\n<blockquote class=\"wp-block-quote is-layout-flow wp-block-quote-is-layout-flow\">\r\n<p>Chiunque colleghi alimentazione e motore deve capire cosa rende una buona installazione per la messa in servizio di inverter di frequenza e quali sono i <strong><a href=\"https:\/\/tecnologiaparalaindustria.com\/it\/fattori-da-considerare-quando-si-integrano-azionamenti-a-frequenza-variabile-per-processi-industriali\/\" target=\"_blank\" rel=\"noreferrer noopener\" aria-label=\"fattori da considerare quando si incorporano convertitori di frequenza per processi industriali (si apre in una nuova scheda)\">fattori da considerare quando si integrano azionamenti a frequenza variabile per processi industriali<\/a><\/strong>?<\/p>\r\n<\/blockquote>\r\n\r\n\r\n\r\n<p>Le unit\u00e0, proprio come le persone, si mantengono fresche \u00abrespirando\u00bb. Lo spazio richiesto attorno all'unit\u00e0, anche sopra e sotto, dipende dalla costruzione. Inoltre, pu\u00f2 essere richiesto uno specifico flusso d'aria. La protezione di ingresso, i condotti e i cavi di messa a terra nel variatore richiedono attenzione ai dettagli per un funzionamento efficiente.<\/p>\r\n\r\n\r\n\r\n<figure class=\"wp-block-image\"><img decoding=\"async\" class=\"wp-image-2173\" src=\"https:\/\/tecnologiaparalaindustria.com\/wp-content\/uploads\/2019\/02\/Puesta-en-marcha-de-variadores-de-frecuencia.jpg\" alt=\"\" \/><\/figure>\r\n\r\n\r\n\r\n<h4 class=\"wp-block-heading\"><span class=\"ez-toc-section\" id=\"Paso_2_Conexiones_de_motor\"><\/span><strong>Passo 2: Collegamenti del motore<\/strong><span class=\"ez-toc-section-end\"><\/span><\/h4>\r\n\r\n\r\n\r\n<p>Una volta collegata l'alimentazione in ingresso, \u00e8 necessario aggiungere il motore. Durante questa operazione, \u00e8 buona norma effettuare una verifica dell'isolamento con il cavo utilizzato per lo stesso. Collegare la terra del motore alla terra dell'inverter. \u00c8 necessario assicurarsi che il motore e l'alimentazione in ingresso siano collegati ai terminali corretti. L'accensione con collegamenti errati pu\u00f2 danneggiare l'unit\u00e0.\u00a0<\/p>\r\n\r\n\r\n\r\n<p>Indipendentemente dallo schema di controllo, \u00e8 necessario proteggere tutti i segnali per minimizzare la possibilit\u00e0 di captazione di rumore ambientale. Allo stesso modo, si raccomanda di verificare che il cavo del motore e i cavi di segnale a bassa tensione siano perpendicolari tra loro. Questo minimizza le possibili interferenze.<\/p>\r\n\r\n\r\n\r\n<h4 class=\"wp-block-heading\"><span class=\"ez-toc-section\" id=\"Paso_3_Encender\"><\/span><strong>Passaggio 3: Accensione:<\/strong><span class=\"ez-toc-section-end\"><\/span><\/h4>\r\n\r\n\r\n\r\n<p>Prima di questa azione, \u00e8 necessario verificare che nessun cavo sia allentato. La messa in servizio degli inverter \u00e8 basata su PC e, pertanto, \u00e8 possibile utilizzare la tastiera o lo strumento del PC per interagire e programmare i parametri dell'inverter.\u00a0<\/p>\r\n\r\n\r\n\r\n<p>Entrambi i metodi presentano dei vantaggi. Molte unit\u00e0 includono degli assistenti di configurazione o di avvio rapido per guidare gli utenti finali attraverso il processo, mentre gli strumenti per PC consentono la ricerca dei parametri. Altrimenti, la procedura rimane in gran parte la stessa.<\/p>\r\n\r\n\r\n\r\n<h4 class=\"wp-block-heading\"><span class=\"ez-toc-section\" id=\"Paso_4_Confirmacion_de_direccion\"><\/span><strong>Passo 4: Conferma dell'indirizzo<\/strong><span class=\"ez-toc-section-end\"><\/span><\/h4>\r\n\r\n\r\n\r\n<p>A questo punto, \u00e8 necessario verificare che il motore giri in avanti, altrimenti \u00e8 necessario prendere precauzioni di spegnimento, attendendo che i condensatori si scarichino a un livello di sicurezza (come indicato nel manuale) e richiedere all'elettricista di scambiare uno dei due collegamenti del motore sui terminali di uscita. Ci\u00f2 corregger\u00e0 la rotazione del motore.<\/p>\r\n\r\n\r\n\r\n<p>Dopo aver confermato l'indirizzo e la sintonia, completare la programmazione dell'azionamento. Ogni applicazione ha parametri specifici. Consultare le istruzioni per comprendere meglio i parametri disponibili all'interno dell'azionamento. Se necessario, contattare il produttore dell'unit\u00e0 o un esperto locale per ottenere le massime prestazioni dall'unit\u00e0.<\/p>\r\n\r\n\r\n\r\n<p>Spada <strong><a href=\"https:\/\/tecnologiaparalaindustria.com\/it\/como-seleccionar-variadores-de-frecuencia-para-mejorar-control-y-eficiencia-de-los-motores\/\" target=\"_blank\" rel=\"noreferrer noopener\" aria-label=\"come selezionare i convertitori di frequenza per migliorare il controllo e l&#039;efficienza dei motori (si apre in una nuova scheda)\">come selezionare gli inverter per migliorare il controllo e l'efficienza dei motori<\/a><\/strong> influisce direttamente sulla configurazione e sull'avviamento degli inverter, poich\u00e9 forniscono la conoscenza anticipata dei parametri e delle esigenze dell'installazione, pertanto, per ottenere prestazioni maggiori da tali apparecchiature, \u00e8 necessario:<\/p>\r\n\r\n\r\n\r\n<ol class=\"wp-block-list\">\r\n<li>Programmare le informazioni della targhetta del motore.<\/li>\r\n<li>Prova la direzione del motore.<\/li>\r\n<li>Accensione\/regolazione motore.<\/li>\r\n<li>Programmare in parametri di applicazione aggiuntivi.<\/li>\r\n<li>Esecuzione di un test per assicurare una corretta installazione\/avvio.<\/li>\r\n<li>Salva parametri.<\/li>\r\n<\/ol>\r\n\r\n\r\n\r\n<p>Infine, ti invitiamo ad iscriverti al <strong><a href=\"https:\/\/tecnologiaparalaindustria.com\/it\/newsletter\/?utm_source=Newsletter&amp;utm_medium=Cta_web&amp;utm_campaign=Newsletter_cta_webhttps:\/\/tecnologiaparalaindustria.com\/newsletter\/?utm_source=Newsletter&amp;utm_medium=Cta_web&amp;utm_campaign=Newsletter_cta_web\" target=\"_blank\" rel=\"noreferrer noopener\" aria-label=\" (apre in una nuova scheda)\">Newsletter Tecnologia per l'industria<\/a><\/strong>, nel quale potrai trovare informazioni riguardo al <strong><a href=\"https:\/\/tecnologiaparalaindustria.com\/it\/diseno-y-control-de-sistemas-de-aire-acondicionado-para-cuartos-limpios\/\" target=\"_blank\" rel=\"noreferrer noopener\" aria-label=\" (apre in una nuova scheda)\">progettazione e controllo di sistemi di climatizzazione per camere bianche<\/a><\/strong>.<\/p>\r\n\r\n\r\n\r\n<figure class=\"wp-block-image\"><a href=\"https:\/\/tecnologiaparalaindustria.com\/it\/ebooks\/hazte-experto-en-variadores-de-frecuencia-para-la-industria-alimentaria\/\" target=\"_blank\" rel=\"noreferrer noopener\"><img loading=\"lazy\" decoding=\"async\" class=\"aligncenter wp-image-2160\" src=\"https:\/\/tecnologiaparalaindustria.com\/wp-content\/uploads\/2019\/02\/CTA-EBOOK-HAZTE-EXPERTO-EN-VARIADORES-DE-FRECUENCIA-PARA-LA-INDUSTRIA-ALIMENTARIA.001-1024x427.jpeg\" alt=\"CTA EBOOK DIVENTA ESPERTO IN VARIATORI DI FREQUENZA PER L&#039;INDUSTRIA ALIMENTARE\" width=\"1024\" height=\"427\" \/><\/a><\/figure>","protected":false},"excerpt":{"rendered":"<p>La configuraci\u00f3n y puesta en marcha de variadores de frecuencia es un procedimiento en el que se deben considerar algunas pautas, las cuales marcan una diferencia entre las instalaciones que &hellip;<\/p>","protected":false},"author":3,"featured_media":2256,"comment_status":"open","ping_status":"closed","sticky":false,"template":"","format":"standard","meta":{"_acf_changed":false,"_genesis_hide_title":false,"_genesis_hide_breadcrumbs":false,"_genesis_hide_singular_image":false,"_genesis_hide_footer_widgets":false,"_genesis_custom_body_class":"","_genesis_custom_post_class":"","_genesis_layout":"","footnotes":""},"categories":[472],"tags":[95],"class_list":["type-post","category-automatizacion-y-control","tag-articulos","entry"],"yoast_head":"<!-- This site is optimized with the Yoast SEO plugin v27.3 - https:\/\/yoast.com\/product\/yoast-seo-wordpress\/ -->\n<title>Configuraci\u00f3n y puesta en marcha de variadores de frecuencia<\/title>\n<meta name=\"description\" content=\"La puesta en marcha de variadores de frecuencia es un procedimiento en el que se deben considerar algunas pautas generales aplicables a todas las marcas.\" \/>\n<meta name=\"robots\" content=\"index, follow, max-snippet:-1, max-image-preview:large, max-video-preview:-1\" \/>\n<link rel=\"canonical\" href=\"https:\/\/tecnologiaparalaindustria.com\/it\/configurazione-e-messa-in-servizio-di-inverter-di-frequenza\/\" \/>\n<meta property=\"og:locale\" content=\"it_IT\" \/>\n<meta property=\"og:type\" content=\"article\" \/>\n<meta property=\"og:title\" content=\"Configuraci\u00f3n y puesta en marcha de variadores de frecuencia\" \/>\n<meta property=\"og:description\" content=\"La puesta en marcha de variadores de frecuencia es un procedimiento en el que se deben considerar algunas pautas generales aplicables a todas las marcas.\" \/>\n<meta property=\"og:url\" content=\"https:\/\/tecnologiaparalaindustria.com\/it\/configurazione-e-messa-in-servizio-di-inverter-di-frequenza\/\" \/>\n<meta property=\"og:site_name\" content=\"Tecnolog\u00eda para la Industria\" \/>\n<meta property=\"article:publisher\" content=\"https:\/\/www.facebook.com\/tecnologiaparalaindustria\" \/>\n<meta property=\"article:published_time\" content=\"2019-02-15T09:00:49+00:00\" \/>\n<meta property=\"article:modified_time\" content=\"2025-07-22T11:51:42+00:00\" \/>\n<meta property=\"og:image\" content=\"https:\/\/tecnologiaparalaindustria.com\/wp-content\/uploads\/2019\/02\/Puesta-en-marcha-de-variadores-de-frecuencia-1.png\" \/>\n\t<meta property=\"og:image:width\" content=\"2400\" \/>\n\t<meta property=\"og:image:height\" content=\"1200\" \/>\n\t<meta property=\"og:image:type\" content=\"image\/png\" \/>\n<meta name=\"author\" content=\"REDACCI\u00d3N\" \/>\n<meta name=\"twitter:card\" content=\"summary_large_image\" \/>\n<meta name=\"twitter:label1\" content=\"Written by\" \/>\n\t<meta name=\"twitter:data1\" content=\"REDACCI\u00d3N\" \/>\n\t<meta name=\"twitter:label2\" content=\"Est. reading time\" \/>\n\t<meta name=\"twitter:data2\" content=\"5 minuti\" \/>\n<script type=\"application\/ld+json\" class=\"yoast-schema-graph\">{\"@context\":\"https:\\\/\\\/schema.org\",\"@graph\":[{\"@type\":\"Article\",\"@id\":\"https:\\\/\\\/tecnologiaparalaindustria.com\\\/configuracion-y-puesta-en-marcha-de-variadores-de-frecuencia\\\/#article\",\"isPartOf\":{\"@id\":\"https:\\\/\\\/tecnologiaparalaindustria.com\\\/configuracion-y-puesta-en-marcha-de-variadores-de-frecuencia\\\/\"},\"author\":{\"name\":\"REDACCI\u00d3N\",\"@id\":\"https:\\\/\\\/tecnologiaparalaindustria.com\\\/#\\\/schema\\\/person\\\/c05f751883e5d78adc2f7739f65eabc1\"},\"headline\":\"Configuraci\u00f3n y puesta en marcha de variadores de frecuencia\",\"datePublished\":\"2019-02-15T09:00:49+00:00\",\"dateModified\":\"2025-07-22T11:51:42+00:00\",\"mainEntityOfPage\":{\"@id\":\"https:\\\/\\\/tecnologiaparalaindustria.com\\\/configuracion-y-puesta-en-marcha-de-variadores-de-frecuencia\\\/\"},\"wordCount\":927,\"commentCount\":0,\"publisher\":{\"@id\":\"https:\\\/\\\/tecnologiaparalaindustria.com\\\/#organization\"},\"image\":{\"@id\":\"https:\\\/\\\/tecnologiaparalaindustria.com\\\/configuracion-y-puesta-en-marcha-de-variadores-de-frecuencia\\\/#primaryimage\"},\"thumbnailUrl\":\"https:\\\/\\\/tecnologiaparalaindustria.com\\\/wp-content\\\/uploads\\\/2019\\\/02\\\/Puesta-en-marcha-de-variadores-de-frecuencia-1.png\",\"keywords\":[\"Art\u00edculos\"],\"articleSection\":[\"Automatizaci\u00f3n y control\"],\"inLanguage\":\"it-IT\",\"potentialAction\":[{\"@type\":\"CommentAction\",\"name\":\"Comment\",\"target\":[\"https:\\\/\\\/tecnologiaparalaindustria.com\\\/configuracion-y-puesta-en-marcha-de-variadores-de-frecuencia\\\/#respond\"]}]},{\"@type\":\"WebPage\",\"@id\":\"https:\\\/\\\/tecnologiaparalaindustria.com\\\/configuracion-y-puesta-en-marcha-de-variadores-de-frecuencia\\\/\",\"url\":\"https:\\\/\\\/tecnologiaparalaindustria.com\\\/configuracion-y-puesta-en-marcha-de-variadores-de-frecuencia\\\/\",\"name\":\"Configuraci\u00f3n y puesta en marcha de variadores de frecuencia\",\"isPartOf\":{\"@id\":\"https:\\\/\\\/tecnologiaparalaindustria.com\\\/#website\"},\"primaryImageOfPage\":{\"@id\":\"https:\\\/\\\/tecnologiaparalaindustria.com\\\/configuracion-y-puesta-en-marcha-de-variadores-de-frecuencia\\\/#primaryimage\"},\"image\":{\"@id\":\"https:\\\/\\\/tecnologiaparalaindustria.com\\\/configuracion-y-puesta-en-marcha-de-variadores-de-frecuencia\\\/#primaryimage\"},\"thumbnailUrl\":\"https:\\\/\\\/tecnologiaparalaindustria.com\\\/wp-content\\\/uploads\\\/2019\\\/02\\\/Puesta-en-marcha-de-variadores-de-frecuencia-1.png\",\"datePublished\":\"2019-02-15T09:00:49+00:00\",\"dateModified\":\"2025-07-22T11:51:42+00:00\",\"description\":\"La puesta en marcha de variadores de frecuencia es un procedimiento en el que se deben considerar algunas pautas generales aplicables a todas las marcas.\",\"breadcrumb\":{\"@id\":\"https:\\\/\\\/tecnologiaparalaindustria.com\\\/configuracion-y-puesta-en-marcha-de-variadores-de-frecuencia\\\/#breadcrumb\"},\"inLanguage\":\"it-IT\",\"potentialAction\":[{\"@type\":\"ReadAction\",\"target\":[\"https:\\\/\\\/tecnologiaparalaindustria.com\\\/configuracion-y-puesta-en-marcha-de-variadores-de-frecuencia\\\/\"]}]},{\"@type\":\"ImageObject\",\"inLanguage\":\"it-IT\",\"@id\":\"https:\\\/\\\/tecnologiaparalaindustria.com\\\/configuracion-y-puesta-en-marcha-de-variadores-de-frecuencia\\\/#primaryimage\",\"url\":\"https:\\\/\\\/tecnologiaparalaindustria.com\\\/wp-content\\\/uploads\\\/2019\\\/02\\\/Puesta-en-marcha-de-variadores-de-frecuencia-1.png\",\"contentUrl\":\"https:\\\/\\\/tecnologiaparalaindustria.com\\\/wp-content\\\/uploads\\\/2019\\\/02\\\/Puesta-en-marcha-de-variadores-de-frecuencia-1.png\",\"width\":2400,\"height\":1200,\"caption\":\"Puesta en marcha de variadores de frecuencia\"},{\"@type\":\"BreadcrumbList\",\"@id\":\"https:\\\/\\\/tecnologiaparalaindustria.com\\\/configuracion-y-puesta-en-marcha-de-variadores-de-frecuencia\\\/#breadcrumb\",\"itemListElement\":[{\"@type\":\"ListItem\",\"position\":1,\"name\":\"Home\",\"item\":\"https:\\\/\\\/tecnologiaparalaindustria.com\\\/\"},{\"@type\":\"ListItem\",\"position\":2,\"name\":\"Configuraci\u00f3n y puesta en marcha de variadores de frecuencia\"}]},{\"@type\":\"WebSite\",\"@id\":\"https:\\\/\\\/tecnologiaparalaindustria.com\\\/#website\",\"url\":\"https:\\\/\\\/tecnologiaparalaindustria.com\\\/\",\"name\":\"Tecnolog\u00eda para la Industria\",\"description\":\"Soluciones tecnol\u00f3gicas para plantas industriales\",\"publisher\":{\"@id\":\"https:\\\/\\\/tecnologiaparalaindustria.com\\\/#organization\"},\"potentialAction\":[{\"@type\":\"SearchAction\",\"target\":{\"@type\":\"EntryPoint\",\"urlTemplate\":\"https:\\\/\\\/tecnologiaparalaindustria.com\\\/?s={search_term_string}\"},\"query-input\":{\"@type\":\"PropertyValueSpecification\",\"valueRequired\":true,\"valueName\":\"search_term_string\"}}],\"inLanguage\":\"it-IT\"},{\"@type\":\"Organization\",\"@id\":\"https:\\\/\\\/tecnologiaparalaindustria.com\\\/#organization\",\"name\":\"TPI - Tecnolog\u00eda para la Industria\",\"url\":\"https:\\\/\\\/tecnologiaparalaindustria.com\\\/\",\"logo\":{\"@type\":\"ImageObject\",\"inLanguage\":\"it-IT\",\"@id\":\"https:\\\/\\\/tecnologiaparalaindustria.com\\\/#\\\/schema\\\/logo\\\/image\\\/\",\"url\":\"https:\\\/\\\/tecnologiaparalaindustria.com\\\/wp-content\\\/uploads\\\/2020\\\/08\\\/cropped-LOGO-FONDO-BLANCO.png\",\"contentUrl\":\"https:\\\/\\\/tecnologiaparalaindustria.com\\\/wp-content\\\/uploads\\\/2020\\\/08\\\/cropped-LOGO-FONDO-BLANCO.png\",\"width\":520,\"height\":289,\"caption\":\"TPI - Tecnolog\u00eda para la Industria\"},\"image\":{\"@id\":\"https:\\\/\\\/tecnologiaparalaindustria.com\\\/#\\\/schema\\\/logo\\\/image\\\/\"},\"sameAs\":[\"https:\\\/\\\/www.facebook.com\\\/tecnologiaparalaindustria\",\"https:\\\/\\\/www.instagram.com\\\/tecnologiaparalaindustria\\\/\"]},{\"@type\":\"Person\",\"@id\":\"https:\\\/\\\/tecnologiaparalaindustria.com\\\/#\\\/schema\\\/person\\\/c05f751883e5d78adc2f7739f65eabc1\",\"name\":\"REDACCI\u00d3N\",\"image\":{\"@type\":\"ImageObject\",\"inLanguage\":\"it-IT\",\"@id\":\"https:\\\/\\\/secure.gravatar.com\\\/avatar\\\/a5383a905d5b72123635b8d4934042ea55c3970b8a97cc612cd4f04901704a73?s=96&d=mm&r=g\",\"url\":\"https:\\\/\\\/secure.gravatar.com\\\/avatar\\\/a5383a905d5b72123635b8d4934042ea55c3970b8a97cc612cd4f04901704a73?s=96&d=mm&r=g\",\"contentUrl\":\"https:\\\/\\\/secure.gravatar.com\\\/avatar\\\/a5383a905d5b72123635b8d4934042ea55c3970b8a97cc612cd4f04901704a73?s=96&d=mm&r=g\",\"caption\":\"REDACCI\u00d3N\"}}]}<\/script>\n<!-- \/ Yoast SEO plugin. -->","yoast_head_json":{"title":"Configurazione e messa in servizio dei convertitori di frequenza","description":"La messa in servizio dei variatori di frequenza \u00e8 una procedura in cui \u00e8 necessario considerare alcune linee guida generali applicabili a tutte le marche.","robots":{"index":"index","follow":"follow","max-snippet":"max-snippet:-1","max-image-preview":"max-image-preview:large","max-video-preview":"max-video-preview:-1"},"canonical":"https:\/\/tecnologiaparalaindustria.com\/it\/configurazione-e-messa-in-servizio-di-inverter-di-frequenza\/","og_locale":"it_IT","og_type":"article","og_title":"Configuraci\u00f3n y puesta en marcha de variadores de frecuencia","og_description":"La puesta en marcha de variadores de frecuencia es un procedimiento en el que se deben considerar algunas pautas generales aplicables a todas las marcas.","og_url":"https:\/\/tecnologiaparalaindustria.com\/it\/configurazione-e-messa-in-servizio-di-inverter-di-frequenza\/","og_site_name":"Tecnolog\u00eda para la Industria","article_publisher":"https:\/\/www.facebook.com\/tecnologiaparalaindustria","article_published_time":"2019-02-15T09:00:49+00:00","article_modified_time":"2025-07-22T11:51:42+00:00","og_image":[{"width":2400,"height":1200,"url":"https:\/\/tecnologiaparalaindustria.com\/wp-content\/uploads\/2019\/02\/Puesta-en-marcha-de-variadores-de-frecuencia-1.png","type":"image\/png"}],"author":"REDACCI\u00d3N","twitter_card":"summary_large_image","twitter_misc":{"Written by":"REDACCI\u00d3N","Est. reading time":"5 minuti"},"schema":{"@context":"https:\/\/schema.org","@graph":[{"@type":"Article","@id":"https:\/\/tecnologiaparalaindustria.com\/configuracion-y-puesta-en-marcha-de-variadores-de-frecuencia\/#article","isPartOf":{"@id":"https:\/\/tecnologiaparalaindustria.com\/configuracion-y-puesta-en-marcha-de-variadores-de-frecuencia\/"},"author":{"name":"REDACCI\u00d3N","@id":"https:\/\/tecnologiaparalaindustria.com\/#\/schema\/person\/c05f751883e5d78adc2f7739f65eabc1"},"headline":"Configuraci\u00f3n y puesta en marcha de variadores de frecuencia","datePublished":"2019-02-15T09:00:49+00:00","dateModified":"2025-07-22T11:51:42+00:00","mainEntityOfPage":{"@id":"https:\/\/tecnologiaparalaindustria.com\/configuracion-y-puesta-en-marcha-de-variadores-de-frecuencia\/"},"wordCount":927,"commentCount":0,"publisher":{"@id":"https:\/\/tecnologiaparalaindustria.com\/#organization"},"image":{"@id":"https:\/\/tecnologiaparalaindustria.com\/configuracion-y-puesta-en-marcha-de-variadores-de-frecuencia\/#primaryimage"},"thumbnailUrl":"https:\/\/tecnologiaparalaindustria.com\/wp-content\/uploads\/2019\/02\/Puesta-en-marcha-de-variadores-de-frecuencia-1.png","keywords":["Art\u00edculos"],"articleSection":["Automatizaci\u00f3n y control"],"inLanguage":"it-IT","potentialAction":[{"@type":"CommentAction","name":"Comment","target":["https:\/\/tecnologiaparalaindustria.com\/configuracion-y-puesta-en-marcha-de-variadores-de-frecuencia\/#respond"]}]},{"@type":"WebPage","@id":"https:\/\/tecnologiaparalaindustria.com\/configuracion-y-puesta-en-marcha-de-variadores-de-frecuencia\/","url":"https:\/\/tecnologiaparalaindustria.com\/configuracion-y-puesta-en-marcha-de-variadores-de-frecuencia\/","name":"Configurazione e messa in servizio dei convertitori di frequenza","isPartOf":{"@id":"https:\/\/tecnologiaparalaindustria.com\/#website"},"primaryImageOfPage":{"@id":"https:\/\/tecnologiaparalaindustria.com\/configuracion-y-puesta-en-marcha-de-variadores-de-frecuencia\/#primaryimage"},"image":{"@id":"https:\/\/tecnologiaparalaindustria.com\/configuracion-y-puesta-en-marcha-de-variadores-de-frecuencia\/#primaryimage"},"thumbnailUrl":"https:\/\/tecnologiaparalaindustria.com\/wp-content\/uploads\/2019\/02\/Puesta-en-marcha-de-variadores-de-frecuencia-1.png","datePublished":"2019-02-15T09:00:49+00:00","dateModified":"2025-07-22T11:51:42+00:00","description":"La messa in servizio dei variatori di frequenza \u00e8 una procedura in cui \u00e8 necessario considerare alcune linee guida generali applicabili a tutte le marche.","breadcrumb":{"@id":"https:\/\/tecnologiaparalaindustria.com\/configuracion-y-puesta-en-marcha-de-variadores-de-frecuencia\/#breadcrumb"},"inLanguage":"it-IT","potentialAction":[{"@type":"ReadAction","target":["https:\/\/tecnologiaparalaindustria.com\/configuracion-y-puesta-en-marcha-de-variadores-de-frecuencia\/"]}]},{"@type":"ImageObject","inLanguage":"it-IT","@id":"https:\/\/tecnologiaparalaindustria.com\/configuracion-y-puesta-en-marcha-de-variadores-de-frecuencia\/#primaryimage","url":"https:\/\/tecnologiaparalaindustria.com\/wp-content\/uploads\/2019\/02\/Puesta-en-marcha-de-variadores-de-frecuencia-1.png","contentUrl":"https:\/\/tecnologiaparalaindustria.com\/wp-content\/uploads\/2019\/02\/Puesta-en-marcha-de-variadores-de-frecuencia-1.png","width":2400,"height":1200,"caption":"Puesta en marcha de variadores de frecuencia"},{"@type":"BreadcrumbList","@id":"https:\/\/tecnologiaparalaindustria.com\/configuracion-y-puesta-en-marcha-de-variadores-de-frecuencia\/#breadcrumb","itemListElement":[{"@type":"ListItem","position":1,"name":"Home","item":"https:\/\/tecnologiaparalaindustria.com\/"},{"@type":"ListItem","position":2,"name":"Configuraci\u00f3n y puesta en marcha de variadores de frecuencia"}]},{"@type":"WebSite","@id":"https:\/\/tecnologiaparalaindustria.com\/#website","url":"https:\/\/tecnologiaparalaindustria.com\/","name":"Tecnologia per l'industria","description":"Soluzioni tecnologiche per impianti industriali","publisher":{"@id":"https:\/\/tecnologiaparalaindustria.com\/#organization"},"potentialAction":[{"@type":"SearchAction","target":{"@type":"EntryPoint","urlTemplate":"https:\/\/tecnologiaparalaindustria.com\/?s={search_term_string}"},"query-input":{"@type":"PropertyValueSpecification","valueRequired":true,"valueName":"search_term_string"}}],"inLanguage":"it-IT"},{"@type":"Organization","@id":"https:\/\/tecnologiaparalaindustria.com\/#organization","name":"TPI - Tecnologia per l'industria","url":"https:\/\/tecnologiaparalaindustria.com\/","logo":{"@type":"ImageObject","inLanguage":"it-IT","@id":"https:\/\/tecnologiaparalaindustria.com\/#\/schema\/logo\/image\/","url":"https:\/\/tecnologiaparalaindustria.com\/wp-content\/uploads\/2020\/08\/cropped-LOGO-FONDO-BLANCO.png","contentUrl":"https:\/\/tecnologiaparalaindustria.com\/wp-content\/uploads\/2020\/08\/cropped-LOGO-FONDO-BLANCO.png","width":520,"height":289,"caption":"TPI - Tecnolog\u00eda para la Industria"},"image":{"@id":"https:\/\/tecnologiaparalaindustria.com\/#\/schema\/logo\/image\/"},"sameAs":["https:\/\/www.facebook.com\/tecnologiaparalaindustria","https:\/\/www.instagram.com\/tecnologiaparalaindustria\/"]},{"@type":"Person","@id":"https:\/\/tecnologiaparalaindustria.com\/#\/schema\/person\/c05f751883e5d78adc2f7739f65eabc1","name":"EDITORIALE","image":{"@type":"ImageObject","inLanguage":"it-IT","@id":"https:\/\/secure.gravatar.com\/avatar\/a5383a905d5b72123635b8d4934042ea55c3970b8a97cc612cd4f04901704a73?s=96&d=mm&r=g","url":"https:\/\/secure.gravatar.com\/avatar\/a5383a905d5b72123635b8d4934042ea55c3970b8a97cc612cd4f04901704a73?s=96&d=mm&r=g","contentUrl":"https:\/\/secure.gravatar.com\/avatar\/a5383a905d5b72123635b8d4934042ea55c3970b8a97cc612cd4f04901704a73?s=96&d=mm&r=g","caption":"REDACCI\u00d3N"}}]}},"featured_image_src":"https:\/\/tecnologiaparalaindustria.com\/wp-content\/uploads\/2019\/02\/Puesta-en-marcha-de-variadores-de-frecuencia-1-600x400.png","featured_image_src_square":"https:\/\/tecnologiaparalaindustria.com\/wp-content\/uploads\/2019\/02\/Puesta-en-marcha-de-variadores-de-frecuencia-1-600x600.png","author_info":{"display_name":"REDACCI\u00d3N","author_link":"https:\/\/tecnologiaparalaindustria.com\/it\/author\/enrique-vidal\/"},"acf":[],"_links":{"self":[{"href":"https:\/\/tecnologiaparalaindustria.com\/it\/wp-json\/wp\/v2\/posts\/2170","targetHints":{"allow":["GET"]}}],"collection":[{"href":"https:\/\/tecnologiaparalaindustria.com\/it\/wp-json\/wp\/v2\/posts"}],"about":[{"href":"https:\/\/tecnologiaparalaindustria.com\/it\/wp-json\/wp\/v2\/types\/post"}],"author":[{"embeddable":true,"href":"https:\/\/tecnologiaparalaindustria.com\/it\/wp-json\/wp\/v2\/users\/3"}],"replies":[{"embeddable":true,"href":"https:\/\/tecnologiaparalaindustria.com\/it\/wp-json\/wp\/v2\/comments?post=2170"}],"version-history":[{"count":0,"href":"https:\/\/tecnologiaparalaindustria.com\/it\/wp-json\/wp\/v2\/posts\/2170\/revisions"}],"wp:featuredmedia":[{"embeddable":true,"href":"https:\/\/tecnologiaparalaindustria.com\/it\/wp-json\/wp\/v2\/media\/2256"}],"wp:attachment":[{"href":"https:\/\/tecnologiaparalaindustria.com\/it\/wp-json\/wp\/v2\/media?parent=2170"}],"wp:term":[{"taxonomy":"category","embeddable":true,"href":"https:\/\/tecnologiaparalaindustria.com\/it\/wp-json\/wp\/v2\/categories?post=2170"},{"taxonomy":"post_tag","embeddable":true,"href":"https:\/\/tecnologiaparalaindustria.com\/it\/wp-json\/wp\/v2\/tags?post=2170"}],"curies":[{"name":"wp","href":"https:\/\/api.w.org\/{rel}","templated":true}]}}