{"id":1954,"date":"2018-10-31T09:00:45","date_gmt":"2018-10-31T09:00:45","guid":{"rendered":"https:\/\/tecnologiaparalaindustria.com\/?p=1954"},"modified":"2025-07-22T12:13:02","modified_gmt":"2025-07-22T12:13:02","slug":"sistema-de-sellado-modular-para-armarios-electricos","status":"publish","type":"post","link":"https:\/\/tecnologiaparalaindustria.com\/pt\/sistema-de-sellado-modular-para-armarios-electricos\/","title":{"rendered":"Sistema de veda\u00e7\u00e3o modular para arm\u00e1rios el\u00e9ctricos"},"content":{"rendered":"<p><em><span style=\"font-weight: 400;\">O sistema modular de veda\u00e7\u00e3o de arm\u00e1rios proporciona uma veda\u00e7\u00e3o adequada nos pontos em que os cabos de alimenta\u00e7\u00e3o e de controlo atravessam as paredes ou o ch\u00e3o, de modo a proporcionar prote\u00e7\u00e3o contra uma variedade de situa\u00e7\u00f5es que podem comprometer a integridade da estrutura, como o fogo, a \u00e1gua e at\u00e9 roedores, garantindo um funcionamento fi\u00e1vel.<\/span><\/em><\/p>\n<blockquote><p><span style=\"font-weight: 400;\">O sistema de veda\u00e7\u00e3o modular para arm\u00e1rios el\u00e9ctricos \u00e9 inserido \u00e0 volta de cabos ou tubos em estruturas fixadas \u00e0 estrutura, por soldadura, aparafusamento, embutimento ou inser\u00e7\u00e3o em orif\u00edcios perfurados.<\/span><\/p><\/blockquote>\n<p><span style=\"font-weight: 400;\">Os quadros do <a class=\"link-destacado\" href=\"https:\/\/www.roxtec.com\/mx\/productos\/?utm_source=productos&amp;utm_medium=blog&amp;utm_campaign=productos_blogsello\" target=\"_blank\" rel=\"noopener noreferrer\">sistema modular de veda\u00e7\u00e3o para arm\u00e1rios<\/a>que est\u00e3o dispon\u00edveis em diferentes materiais e para todos os tipos de estruturas, \u00e9 constitu\u00eddo pelas seguintes partes<\/span><\/p>\n<p><img loading=\"lazy\" decoding=\"async\" class=\"aligncenter size-full wp-image-1956\" src=\"https:\/\/tecnologiaparalaindustria.com\/wp-content\/uploads\/2018\/12\/Sistema-de-sellado-modular-para-armarios-electricos-3.jpg\" alt=\"Sistema de sellado modular para armarios electricos (3)\" width=\"1200\" height=\"700\" \/><\/p>\n<ol>\n<li style=\"list-style-type: none;\">\n<ol>\n<li style=\"list-style-type: none;\">\n<ol>\n<li style=\"list-style-type: none;\">\n<ol>\n<li style=\"font-weight: 400;\"><b>Um quadro<\/b><span style=\"font-weight: 400;\">que \u00e9 instalado numa abertura.<\/span><\/li>\n<li style=\"font-weight: 400;\"><b>Um lubrificante<\/b>que \u00e9 utilizado na maioria dos componentes.<\/li>\n<li style=\"font-weight: 400;\"><b>Os m\u00f3dulos<\/b>que vedam \u00e0 volta dos cabos\/tubula\u00e7\u00f5es.<\/li>\n<li style=\"font-weight: 400;\"><b>Placas de separa\u00e7\u00e3o<\/b>que mant\u00eam os m\u00f3dulos no s\u00edtio.<\/li>\n<li style=\"font-weight: 400;\"><b>O compressor<\/b>que funciona como uma unidade de compress\u00e3o.<\/li>\n<li style=\"font-weight: 400;\"><b>O clipe do compressor<\/b>indicando a conclus\u00e3o da instala\u00e7\u00e3o.<\/li>\n<\/ol>\n<\/li>\n<\/ol>\n<\/li>\n<\/ol>\n<\/li>\n<\/ol>\n<p><span style=\"font-weight: 400;\">Para al\u00e9m destas pe\u00e7as, existem ainda tr\u00eas outras pe\u00e7as que fazem parte do sistema de veda\u00e7\u00e3o modular, vers\u00e3o redonda: o aro \u00e9 instalado numa abertura, o vedante \u00e9 instalado numa abertura e o colar \u00e9 utilizado para alojar o vedante, como se mostra por esta ordem, no gr\u00e1fico seguinte:<\/span><\/p>\n<p><img loading=\"lazy\" decoding=\"async\" class=\"aligncenter size-full wp-image-1957\" src=\"https:\/\/tecnologiaparalaindustria.com\/wp-content\/uploads\/2018\/12\/Sistema-de-sellado-modular-para-armarios-electricos-2.jpg\" alt=\"Sistema de sellado modular para armarios electricos (2)\" width=\"1200\" height=\"350\" \/><\/p>\n<h3><b>Porque \u00e9 que \u00e9 necess\u00e1rio um sistema de veda\u00e7\u00e3o modular para arm\u00e1rios el\u00e9ctricos?<\/b><\/h3>\n<p><span style=\"font-weight: 400;\">A escolha do sistema de veda\u00e7\u00e3o de arm\u00e1rios modulares errado ou a utiliza\u00e7\u00e3o inadequada de materiais de substitui\u00e7\u00e3o, como espumas, bucins, comp\u00f3sitos e outros, pode comprometer a integridade da estrutura, aumentar significativamente os custos de instala\u00e7\u00e3o e complicar a capacidade de instalar cabos e condutores no futuro. Isto tem um impacto direto no custo de propriedade durante a vida \u00fatil do bem.<\/span><\/p>\n<p><span style=\"font-weight: 400;\">De facto, os arm\u00e1rios el\u00e9ctricos cuja veda\u00e7\u00e3o dos cabos nos pontos de entrada \u00e9 feita com argamassa, silicone, espumas ou qualquer outro material substituto, acabam por permitir a entrada de roedores ou insectos como as baratas, para al\u00e9m de n\u00e3o apresentarem qualquer flexibilidade em rela\u00e7\u00e3o \u00e0 possibilidade de adicionar mais cabos ou termina\u00e7\u00f5es a partir desse ponto de entrada.<\/span><\/p>\n<blockquote><p><span style=\"font-weight: 400;\">Devido a esta neglig\u00eancia, esta pequena abertura nos pontos de entrada provoca grandes erros e situa\u00e7\u00f5es extremas, como a propaga\u00e7\u00e3o de inc\u00eandios e fugas de \u00e1gua, bem como a diminui\u00e7\u00e3o da vida \u00fatil dos seus equipamentos e cabos el\u00e9ctricos.<\/span><\/p><\/blockquote>\n<p><span style=\"font-weight: 400;\"><a href=\"https:\/\/tecnologiaparalaindustria.com\/pt\/tipos-de-sellos-para-cableado-industrial\/?utm_source=guia_sellos_seguridad_industrial&amp;utm_medium=CTA_TPI&amp;utm_campaign=guia_sellos_seguridad_industrial_cta_tpi\"><img loading=\"lazy\" decoding=\"async\" class=\"alignright size-medium wp-image-2264\" src=\"https:\/\/tecnologiaparalaindustria.com\/wp-content\/uploads\/2019\/03\/WHP.-\u00bfQue\u0301-tipo-de-sellos-para-cableado-industrial-adquirir-para-proteger-equipos-cri\u0301ticos-de-riesgos-latentes-y-perjudiciales.001-292x300.jpeg\" alt=\"WHP. \u00bfQue\u0301 tipo de sellos para cableado industrial adquirir para proteger equipos cri\u0301ticos de riesgos latentes y perjudiciales?.001\" width=\"292\" height=\"300\" \/><\/a>\u00c9 claro que os materiais de substitui\u00e7\u00e3o cobrem a necessidade de veda\u00e7\u00e3o dos cabos, mas n\u00e3o podem ser utilizados para os vedar. <\/span><a href=\"https:\/\/sellocortafuego.com\/el-sellado-cortafuego-o-pasamuros-es-seguridad-industrial\/\" target=\"_blank\" rel=\"noopener noreferrer\"><span style=\"font-weight: 400;\">garantir a seguran\u00e7a, tal como a selagem \u00e0 prova de fogo<\/span><\/a><span style=\"font-weight: 400;\">Foi o que aconteceu em edif\u00edcios residenciais e industriais, onde as m\u00e1s pr\u00e1ticas de engenharia foram evidentes, resultando em custos elevados que as pessoas tiveram de pagar, inclusivamente com as suas pr\u00f3prias vidas.<\/span><\/p>\n<p><span style=\"font-weight: 400;\">A raz\u00e3o \u00e9 a m\u00e1 conce\u00e7\u00e3o da selagem dos pontos de entrada dos cabos e as decis\u00f5es de \u00faltima hora tomadas no terreno pelos engenheiros. Al\u00e9m disso, existem factores internos e externos que afectam a fiabilidade do seu equipamento e o funcionamento dos cabos devido a uma veda\u00e7\u00e3o inadequada dos pontos de entrada dos cabos.<\/span><\/p>\n<p><a class=\"link-destacado\" href=\"https:\/\/www.roxtec.com\/mx\/?utm_source=web&amp;utm_medium=blog&amp;utm_campaign=web_blogsello\" target=\"_blank\" rel=\"noopener noreferrer\"><span style=\"font-weight: 400;\">Roxtec M\u00e9xico<\/span><\/a><span style=\"font-weight: 400;\"> tem como miss\u00e3o contribuir para a seguran\u00e7a industrial, protegendo vidas e bens, atrav\u00e9s de solu\u00e7\u00f5es como o sistema de veda\u00e7\u00e3o modular para arm\u00e1rios el\u00e9tricos para o mercado B2B, ou seja, uma empresa que fornece produtos e solu\u00e7\u00f5es para outras empresas e est\u00e1 focada principalmente em tr\u00eas segmentos: Marine Oil &amp; Gas Offshore (M&amp;O), Power &amp; Process Industries (P&amp;PI) e Industry &amp; Infrastructure (I&amp;I).<\/span><\/p>\n<p><span style=\"font-weight: 400;\">Se estiver interessado em saber como proteger infra-estruturas cr\u00edticas com a veda\u00e7\u00e3o de firewall, n\u00e3o se esque\u00e7a de subscrever a <\/span><a href=\"https:\/\/tecnologiaparalaindustria.com\/pt\/newsletter\/?utm_source=Newsletter&amp;utm_medium=Cta_web&amp;utm_campaign=Newsletter_cta_web\" target=\"_blank\" rel=\"noopener noreferrer\"><span style=\"font-weight: 400;\">Boletim informativo sobre tecnologia para a ind\u00fastria<\/span><\/a><span style=\"font-weight: 400;\">A partir de agora, receber\u00e1 na sua caixa de correio eletr\u00f3nico informa\u00e7\u00f5es actualizadas sobre novas tecnologias industriais, inova\u00e7\u00f5es no fabrico, tend\u00eancias em automa\u00e7\u00e3o e equipamento para a ind\u00fastria.<\/span><\/p>\n<p><a href=\"https:\/\/recursos.tecnologiaparalaindustria.com\/newsletter?utm_source=Newsletter&amp;utm_medium=Cta_web&amp;utm_campaign=Newsletter_cta_web\" target=\"_blank\" rel=\"noopener noreferrer\"><img loading=\"lazy\" decoding=\"async\" class=\"aligncenter wp-image-2307 size-full\" src=\"https:\/\/tecnologiaparalaindustria.com\/wp-content\/uploads\/2019\/03\/CTA.NEWSLETTER-TECNOLOGIA-PARA-LA-INDUSTRIA.png\" alt=\"tecnologia de boletins informativos para a ind\u00fastria - Aumentar a efici\u00eancia das m\u00e1quinas\" width=\"2400\" height=\"1200\" srcset=\"https:\/\/tecnologiaparalaindustria.com\/wp-content\/uploads\/2019\/03\/CTA.NEWSLETTER-TECNOLOGIA-PARA-LA-INDUSTRIA-18x9.png 18w, https:\/\/tecnologiaparalaindustria.com\/wp-content\/uploads\/2019\/03\/CTA.NEWSLETTER-TECNOLOGIA-PARA-LA-INDUSTRIA-150x75.png 150w, https:\/\/tecnologiaparalaindustria.com\/wp-content\/uploads\/2019\/03\/CTA.NEWSLETTER-TECNOLOGIA-PARA-LA-INDUSTRIA-300x150.png 300w, https:\/\/tecnologiaparalaindustria.com\/wp-content\/uploads\/2019\/03\/CTA.NEWSLETTER-TECNOLOGIA-PARA-LA-INDUSTRIA-390x195.png 390w, https:\/\/tecnologiaparalaindustria.com\/wp-content\/uploads\/2019\/03\/CTA.NEWSLETTER-TECNOLOGIA-PARA-LA-INDUSTRIA-768x384.png 768w, https:\/\/tecnologiaparalaindustria.com\/wp-content\/uploads\/2019\/03\/CTA.NEWSLETTER-TECNOLOGIA-PARA-LA-INDUSTRIA-1024x512.png 1024w, https:\/\/tecnologiaparalaindustria.com\/wp-content\/uploads\/2019\/03\/CTA.NEWSLETTER-TECNOLOGIA-PARA-LA-INDUSTRIA-1536x768.png 1536w, https:\/\/tecnologiaparalaindustria.com\/wp-content\/uploads\/2019\/03\/CTA.NEWSLETTER-TECNOLOGIA-PARA-LA-INDUSTRIA-2048x1024.png 2048w, https:\/\/tecnologiaparalaindustria.com\/wp-content\/uploads\/2019\/03\/CTA.NEWSLETTER-TECNOLOGIA-PARA-LA-INDUSTRIA.png 2400w\" sizes=\"auto, (max-width: 2400px) 100vw, 2400px\" \/><\/a><\/p>\n<p>&nbsp;<\/p>","protected":false},"excerpt":{"rendered":"<p>O sistema de veda\u00e7\u00e3o modular para arm\u00e1rios el\u00e9ctricos proporciona uma veda\u00e7\u00e3o adequada nos pontos em que os cabos de alimenta\u00e7\u00e3o e de controlo atravessam as paredes do arm\u00e1rio.<\/p>","protected":false},"author":3,"featured_media":1958,"comment_status":"open","ping_status":"closed","sticky":false,"template":"","format":"standard","meta":{"_acf_changed":false,"_genesis_hide_title":false,"_genesis_hide_breadcrumbs":false,"_genesis_hide_singular_image":false,"_genesis_hide_footer_widgets":false,"_genesis_custom_body_class":"","_genesis_custom_post_class":"","_genesis_layout":"","footnotes":""},"categories":[495],"tags":[95],"class_list":["type-post","category-gestion-de-activos-e-infraestructura","tag-articulos","entry"],"yoast_head":"<!-- This site is optimized with the Yoast SEO plugin v27.3 - https:\/\/yoast.com\/product\/yoast-seo-wordpress\/ -->\n<title>Sistema de sellado modular para armarios el\u00e9ctricos<\/title>\n<meta name=\"description\" content=\"El sistema de sellado modular para armarios el\u00e9ctricos proporciona un sellado adecuado en los puntos por los cuales pasan los cables de alimentaci\u00f3n.\" \/>\n<meta name=\"robots\" content=\"index, follow, max-snippet:-1, max-image-preview:large, max-video-preview:-1\" \/>\n<link rel=\"canonical\" href=\"https:\/\/tecnologiaparalaindustria.com\/pt\/sistema-de-sellado-modular-para-armarios-electricos\/\" \/>\n<meta property=\"og:locale\" content=\"pt_PT\" \/>\n<meta property=\"og:type\" content=\"article\" \/>\n<meta property=\"og:title\" content=\"Sistema de sellado modular para armarios el\u00e9ctricos\" \/>\n<meta property=\"og:description\" content=\"El sistema de sellado modular para armarios el\u00e9ctricos proporciona un sellado adecuado en los puntos por los cuales pasan los cables de alimentaci\u00f3n.\" \/>\n<meta property=\"og:url\" content=\"https:\/\/tecnologiaparalaindustria.com\/pt\/sistema-de-sellado-modular-para-armarios-electricos\/\" \/>\n<meta property=\"og:site_name\" content=\"Tecnolog\u00eda para la Industria\" \/>\n<meta property=\"article:publisher\" content=\"https:\/\/www.facebook.com\/tecnologiaparalaindustria\" \/>\n<meta property=\"article:published_time\" content=\"2018-10-31T09:00:45+00:00\" \/>\n<meta property=\"article:modified_time\" content=\"2025-07-22T12:13:02+00:00\" \/>\n<meta property=\"og:image\" content=\"https:\/\/tecnologiaparalaindustria.com\/wp-content\/uploads\/2018\/12\/Sistema-de-sellado-modular-para-armarios-electricos-jpg.webp\" \/>\n\t<meta property=\"og:image:width\" content=\"1122\" \/>\n\t<meta property=\"og:image:height\" content=\"610\" \/>\n\t<meta property=\"og:image:type\" content=\"image\/jpeg\" \/>\n<meta name=\"author\" content=\"REDACCI\u00d3N\" \/>\n<meta name=\"twitter:card\" content=\"summary_large_image\" \/>\n<meta name=\"twitter:label1\" content=\"Escrito por\" \/>\n\t<meta name=\"twitter:data1\" content=\"REDACCI\u00d3N\" \/>\n\t<meta name=\"twitter:label2\" content=\"Tempo estimado de leitura\" \/>\n\t<meta name=\"twitter:data2\" content=\"4 minutos\" \/>\n<script type=\"application\/ld+json\" class=\"yoast-schema-graph\">{\"@context\":\"https:\\\/\\\/schema.org\",\"@graph\":[{\"@type\":\"Article\",\"@id\":\"https:\\\/\\\/tecnologiaparalaindustria.com\\\/sistema-de-sellado-modular-para-armarios-electricos\\\/#article\",\"isPartOf\":{\"@id\":\"https:\\\/\\\/tecnologiaparalaindustria.com\\\/sistema-de-sellado-modular-para-armarios-electricos\\\/\"},\"author\":{\"name\":\"REDACCI\u00d3N\",\"@id\":\"https:\\\/\\\/tecnologiaparalaindustria.com\\\/#\\\/schema\\\/person\\\/c05f751883e5d78adc2f7739f65eabc1\"},\"headline\":\"Sistema de sellado modular para armarios el\u00e9ctricos\",\"datePublished\":\"2018-10-31T09:00:45+00:00\",\"dateModified\":\"2025-07-22T12:13:02+00:00\",\"mainEntityOfPage\":{\"@id\":\"https:\\\/\\\/tecnologiaparalaindustria.com\\\/sistema-de-sellado-modular-para-armarios-electricos\\\/\"},\"wordCount\":717,\"commentCount\":0,\"publisher\":{\"@id\":\"https:\\\/\\\/tecnologiaparalaindustria.com\\\/#organization\"},\"image\":{\"@id\":\"https:\\\/\\\/tecnologiaparalaindustria.com\\\/sistema-de-sellado-modular-para-armarios-electricos\\\/#primaryimage\"},\"thumbnailUrl\":\"https:\\\/\\\/tecnologiaparalaindustria.com\\\/wp-content\\\/uploads\\\/2018\\\/12\\\/Sistema-de-sellado-modular-para-armarios-electricos-jpg.webp\",\"keywords\":[\"Art\u00edculos\"],\"articleSection\":[\"Gesti\u00f3n de Activos e Infraestructura\"],\"inLanguage\":\"pt-PT\",\"potentialAction\":[{\"@type\":\"CommentAction\",\"name\":\"Comment\",\"target\":[\"https:\\\/\\\/tecnologiaparalaindustria.com\\\/sistema-de-sellado-modular-para-armarios-electricos\\\/#respond\"]}]},{\"@type\":\"WebPage\",\"@id\":\"https:\\\/\\\/tecnologiaparalaindustria.com\\\/sistema-de-sellado-modular-para-armarios-electricos\\\/\",\"url\":\"https:\\\/\\\/tecnologiaparalaindustria.com\\\/sistema-de-sellado-modular-para-armarios-electricos\\\/\",\"name\":\"Sistema de sellado modular para armarios el\u00e9ctricos\",\"isPartOf\":{\"@id\":\"https:\\\/\\\/tecnologiaparalaindustria.com\\\/#website\"},\"primaryImageOfPage\":{\"@id\":\"https:\\\/\\\/tecnologiaparalaindustria.com\\\/sistema-de-sellado-modular-para-armarios-electricos\\\/#primaryimage\"},\"image\":{\"@id\":\"https:\\\/\\\/tecnologiaparalaindustria.com\\\/sistema-de-sellado-modular-para-armarios-electricos\\\/#primaryimage\"},\"thumbnailUrl\":\"https:\\\/\\\/tecnologiaparalaindustria.com\\\/wp-content\\\/uploads\\\/2018\\\/12\\\/Sistema-de-sellado-modular-para-armarios-electricos-jpg.webp\",\"datePublished\":\"2018-10-31T09:00:45+00:00\",\"dateModified\":\"2025-07-22T12:13:02+00:00\",\"description\":\"El sistema de sellado modular para armarios el\u00e9ctricos proporciona un sellado adecuado en los puntos por los cuales pasan los cables de alimentaci\u00f3n.\",\"breadcrumb\":{\"@id\":\"https:\\\/\\\/tecnologiaparalaindustria.com\\\/sistema-de-sellado-modular-para-armarios-electricos\\\/#breadcrumb\"},\"inLanguage\":\"pt-PT\",\"potentialAction\":[{\"@type\":\"ReadAction\",\"target\":[\"https:\\\/\\\/tecnologiaparalaindustria.com\\\/sistema-de-sellado-modular-para-armarios-electricos\\\/\"]}]},{\"@type\":\"ImageObject\",\"inLanguage\":\"pt-PT\",\"@id\":\"https:\\\/\\\/tecnologiaparalaindustria.com\\\/sistema-de-sellado-modular-para-armarios-electricos\\\/#primaryimage\",\"url\":\"https:\\\/\\\/tecnologiaparalaindustria.com\\\/wp-content\\\/uploads\\\/2018\\\/12\\\/Sistema-de-sellado-modular-para-armarios-electricos-jpg.webp\",\"contentUrl\":\"https:\\\/\\\/tecnologiaparalaindustria.com\\\/wp-content\\\/uploads\\\/2018\\\/12\\\/Sistema-de-sellado-modular-para-armarios-electricos-jpg.webp\",\"width\":1122,\"height\":610,\"caption\":\"Sistema de sellado modular para armarios electricos\"},{\"@type\":\"BreadcrumbList\",\"@id\":\"https:\\\/\\\/tecnologiaparalaindustria.com\\\/sistema-de-sellado-modular-para-armarios-electricos\\\/#breadcrumb\",\"itemListElement\":[{\"@type\":\"ListItem\",\"position\":1,\"name\":\"Home\",\"item\":\"https:\\\/\\\/tecnologiaparalaindustria.com\\\/\"},{\"@type\":\"ListItem\",\"position\":2,\"name\":\"Sistema de sellado modular para armarios el\u00e9ctricos\"}]},{\"@type\":\"WebSite\",\"@id\":\"https:\\\/\\\/tecnologiaparalaindustria.com\\\/#website\",\"url\":\"https:\\\/\\\/tecnologiaparalaindustria.com\\\/\",\"name\":\"Tecnolog\u00eda para la Industria\",\"description\":\"Soluciones tecnol\u00f3gicas para plantas industriales\",\"publisher\":{\"@id\":\"https:\\\/\\\/tecnologiaparalaindustria.com\\\/#organization\"},\"potentialAction\":[{\"@type\":\"SearchAction\",\"target\":{\"@type\":\"EntryPoint\",\"urlTemplate\":\"https:\\\/\\\/tecnologiaparalaindustria.com\\\/?s={search_term_string}\"},\"query-input\":{\"@type\":\"PropertyValueSpecification\",\"valueRequired\":true,\"valueName\":\"search_term_string\"}}],\"inLanguage\":\"pt-PT\"},{\"@type\":\"Organization\",\"@id\":\"https:\\\/\\\/tecnologiaparalaindustria.com\\\/#organization\",\"name\":\"TPI - Tecnolog\u00eda para la Industria\",\"url\":\"https:\\\/\\\/tecnologiaparalaindustria.com\\\/\",\"logo\":{\"@type\":\"ImageObject\",\"inLanguage\":\"pt-PT\",\"@id\":\"https:\\\/\\\/tecnologiaparalaindustria.com\\\/#\\\/schema\\\/logo\\\/image\\\/\",\"url\":\"https:\\\/\\\/tecnologiaparalaindustria.com\\\/wp-content\\\/uploads\\\/2020\\\/08\\\/cropped-LOGO-FONDO-BLANCO.png\",\"contentUrl\":\"https:\\\/\\\/tecnologiaparalaindustria.com\\\/wp-content\\\/uploads\\\/2020\\\/08\\\/cropped-LOGO-FONDO-BLANCO.png\",\"width\":520,\"height\":289,\"caption\":\"TPI - Tecnolog\u00eda para la Industria\"},\"image\":{\"@id\":\"https:\\\/\\\/tecnologiaparalaindustria.com\\\/#\\\/schema\\\/logo\\\/image\\\/\"},\"sameAs\":[\"https:\\\/\\\/www.facebook.com\\\/tecnologiaparalaindustria\",\"https:\\\/\\\/www.instagram.com\\\/tecnologiaparalaindustria\\\/\"]},{\"@type\":\"Person\",\"@id\":\"https:\\\/\\\/tecnologiaparalaindustria.com\\\/#\\\/schema\\\/person\\\/c05f751883e5d78adc2f7739f65eabc1\",\"name\":\"REDACCI\u00d3N\",\"image\":{\"@type\":\"ImageObject\",\"inLanguage\":\"pt-PT\",\"@id\":\"https:\\\/\\\/secure.gravatar.com\\\/avatar\\\/a5383a905d5b72123635b8d4934042ea55c3970b8a97cc612cd4f04901704a73?s=96&d=mm&r=g\",\"url\":\"https:\\\/\\\/secure.gravatar.com\\\/avatar\\\/a5383a905d5b72123635b8d4934042ea55c3970b8a97cc612cd4f04901704a73?s=96&d=mm&r=g\",\"contentUrl\":\"https:\\\/\\\/secure.gravatar.com\\\/avatar\\\/a5383a905d5b72123635b8d4934042ea55c3970b8a97cc612cd4f04901704a73?s=96&d=mm&r=g\",\"caption\":\"REDACCI\u00d3N\"}}]}<\/script>\n<!-- \/ Yoast SEO plugin. -->","yoast_head_json":{"title":"Sistema de veda\u00e7\u00e3o modular para arm\u00e1rios el\u00e9ctricos","description":"El sistema de sellado modular para armarios el\u00e9ctricos proporciona un sellado adecuado en los puntos por los cuales pasan los cables de alimentaci\u00f3n.","robots":{"index":"index","follow":"follow","max-snippet":"max-snippet:-1","max-image-preview":"max-image-preview:large","max-video-preview":"max-video-preview:-1"},"canonical":"https:\/\/tecnologiaparalaindustria.com\/pt\/sistema-de-sellado-modular-para-armarios-electricos\/","og_locale":"pt_PT","og_type":"article","og_title":"Sistema de sellado modular para armarios el\u00e9ctricos","og_description":"El sistema de sellado modular para armarios el\u00e9ctricos proporciona un sellado adecuado en los puntos por los cuales pasan los cables de alimentaci\u00f3n.","og_url":"https:\/\/tecnologiaparalaindustria.com\/pt\/sistema-de-sellado-modular-para-armarios-electricos\/","og_site_name":"Tecnolog\u00eda para la Industria","article_publisher":"https:\/\/www.facebook.com\/tecnologiaparalaindustria","article_published_time":"2018-10-31T09:00:45+00:00","article_modified_time":"2025-07-22T12:13:02+00:00","og_image":[{"width":1122,"height":610,"url":"https:\/\/tecnologiaparalaindustria.com\/wp-content\/uploads\/2018\/12\/Sistema-de-sellado-modular-para-armarios-electricos-jpg.webp","type":"image\/jpeg"}],"author":"REDACCI\u00d3N","twitter_card":"summary_large_image","twitter_misc":{"Escrito por":"REDACCI\u00d3N","Tempo estimado de leitura":"4 minutos"},"schema":{"@context":"https:\/\/schema.org","@graph":[{"@type":"Article","@id":"https:\/\/tecnologiaparalaindustria.com\/sistema-de-sellado-modular-para-armarios-electricos\/#article","isPartOf":{"@id":"https:\/\/tecnologiaparalaindustria.com\/sistema-de-sellado-modular-para-armarios-electricos\/"},"author":{"name":"REDACCI\u00d3N","@id":"https:\/\/tecnologiaparalaindustria.com\/#\/schema\/person\/c05f751883e5d78adc2f7739f65eabc1"},"headline":"Sistema de sellado modular para armarios el\u00e9ctricos","datePublished":"2018-10-31T09:00:45+00:00","dateModified":"2025-07-22T12:13:02+00:00","mainEntityOfPage":{"@id":"https:\/\/tecnologiaparalaindustria.com\/sistema-de-sellado-modular-para-armarios-electricos\/"},"wordCount":717,"commentCount":0,"publisher":{"@id":"https:\/\/tecnologiaparalaindustria.com\/#organization"},"image":{"@id":"https:\/\/tecnologiaparalaindustria.com\/sistema-de-sellado-modular-para-armarios-electricos\/#primaryimage"},"thumbnailUrl":"https:\/\/tecnologiaparalaindustria.com\/wp-content\/uploads\/2018\/12\/Sistema-de-sellado-modular-para-armarios-electricos-jpg.webp","keywords":["Art\u00edculos"],"articleSection":["Gesti\u00f3n de Activos e Infraestructura"],"inLanguage":"pt-PT","potentialAction":[{"@type":"CommentAction","name":"Comment","target":["https:\/\/tecnologiaparalaindustria.com\/sistema-de-sellado-modular-para-armarios-electricos\/#respond"]}]},{"@type":"WebPage","@id":"https:\/\/tecnologiaparalaindustria.com\/sistema-de-sellado-modular-para-armarios-electricos\/","url":"https:\/\/tecnologiaparalaindustria.com\/sistema-de-sellado-modular-para-armarios-electricos\/","name":"Sistema de veda\u00e7\u00e3o modular para arm\u00e1rios el\u00e9ctricos","isPartOf":{"@id":"https:\/\/tecnologiaparalaindustria.com\/#website"},"primaryImageOfPage":{"@id":"https:\/\/tecnologiaparalaindustria.com\/sistema-de-sellado-modular-para-armarios-electricos\/#primaryimage"},"image":{"@id":"https:\/\/tecnologiaparalaindustria.com\/sistema-de-sellado-modular-para-armarios-electricos\/#primaryimage"},"thumbnailUrl":"https:\/\/tecnologiaparalaindustria.com\/wp-content\/uploads\/2018\/12\/Sistema-de-sellado-modular-para-armarios-electricos-jpg.webp","datePublished":"2018-10-31T09:00:45+00:00","dateModified":"2025-07-22T12:13:02+00:00","description":"El sistema de sellado modular para armarios el\u00e9ctricos proporciona un sellado adecuado en los puntos por los cuales pasan los cables de alimentaci\u00f3n.","breadcrumb":{"@id":"https:\/\/tecnologiaparalaindustria.com\/sistema-de-sellado-modular-para-armarios-electricos\/#breadcrumb"},"inLanguage":"pt-PT","potentialAction":[{"@type":"ReadAction","target":["https:\/\/tecnologiaparalaindustria.com\/sistema-de-sellado-modular-para-armarios-electricos\/"]}]},{"@type":"ImageObject","inLanguage":"pt-PT","@id":"https:\/\/tecnologiaparalaindustria.com\/sistema-de-sellado-modular-para-armarios-electricos\/#primaryimage","url":"https:\/\/tecnologiaparalaindustria.com\/wp-content\/uploads\/2018\/12\/Sistema-de-sellado-modular-para-armarios-electricos-jpg.webp","contentUrl":"https:\/\/tecnologiaparalaindustria.com\/wp-content\/uploads\/2018\/12\/Sistema-de-sellado-modular-para-armarios-electricos-jpg.webp","width":1122,"height":610,"caption":"Sistema de sellado modular para armarios electricos"},{"@type":"BreadcrumbList","@id":"https:\/\/tecnologiaparalaindustria.com\/sistema-de-sellado-modular-para-armarios-electricos\/#breadcrumb","itemListElement":[{"@type":"ListItem","position":1,"name":"Home","item":"https:\/\/tecnologiaparalaindustria.com\/"},{"@type":"ListItem","position":2,"name":"Sistema de sellado modular para armarios el\u00e9ctricos"}]},{"@type":"WebSite","@id":"https:\/\/tecnologiaparalaindustria.com\/#website","url":"https:\/\/tecnologiaparalaindustria.com\/","name":"Tecnologia para a ind\u00fastria","description":"Solu\u00e7\u00f5es tecnol\u00f3gicas para instala\u00e7\u00f5es industriais","publisher":{"@id":"https:\/\/tecnologiaparalaindustria.com\/#organization"},"potentialAction":[{"@type":"SearchAction","target":{"@type":"EntryPoint","urlTemplate":"https:\/\/tecnologiaparalaindustria.com\/?s={search_term_string}"},"query-input":{"@type":"PropertyValueSpecification","valueRequired":true,"valueName":"search_term_string"}}],"inLanguage":"pt-PT"},{"@type":"Organization","@id":"https:\/\/tecnologiaparalaindustria.com\/#organization","name":"TPI - Tecnologia para a Ind\u00fastria","url":"https:\/\/tecnologiaparalaindustria.com\/","logo":{"@type":"ImageObject","inLanguage":"pt-PT","@id":"https:\/\/tecnologiaparalaindustria.com\/#\/schema\/logo\/image\/","url":"https:\/\/tecnologiaparalaindustria.com\/wp-content\/uploads\/2020\/08\/cropped-LOGO-FONDO-BLANCO.png","contentUrl":"https:\/\/tecnologiaparalaindustria.com\/wp-content\/uploads\/2020\/08\/cropped-LOGO-FONDO-BLANCO.png","width":520,"height":289,"caption":"TPI - Tecnolog\u00eda para la Industria"},"image":{"@id":"https:\/\/tecnologiaparalaindustria.com\/#\/schema\/logo\/image\/"},"sameAs":["https:\/\/www.facebook.com\/tecnologiaparalaindustria","https:\/\/www.instagram.com\/tecnologiaparalaindustria\/"]},{"@type":"Person","@id":"https:\/\/tecnologiaparalaindustria.com\/#\/schema\/person\/c05f751883e5d78adc2f7739f65eabc1","name":"EDITORIAL","image":{"@type":"ImageObject","inLanguage":"pt-PT","@id":"https:\/\/secure.gravatar.com\/avatar\/a5383a905d5b72123635b8d4934042ea55c3970b8a97cc612cd4f04901704a73?s=96&d=mm&r=g","url":"https:\/\/secure.gravatar.com\/avatar\/a5383a905d5b72123635b8d4934042ea55c3970b8a97cc612cd4f04901704a73?s=96&d=mm&r=g","contentUrl":"https:\/\/secure.gravatar.com\/avatar\/a5383a905d5b72123635b8d4934042ea55c3970b8a97cc612cd4f04901704a73?s=96&d=mm&r=g","caption":"REDACCI\u00d3N"}}]}},"featured_image_src":"https:\/\/tecnologiaparalaindustria.com\/wp-content\/uploads\/2018\/12\/Sistema-de-sellado-modular-para-armarios-electricos-600x400.webp","featured_image_src_square":"https:\/\/tecnologiaparalaindustria.com\/wp-content\/uploads\/2018\/12\/Sistema-de-sellado-modular-para-armarios-electricos-600x600.webp","author_info":{"display_name":"REDACCI\u00d3N","author_link":"https:\/\/tecnologiaparalaindustria.com\/pt\/author\/enrique-vidal\/"},"acf":[],"_links":{"self":[{"href":"https:\/\/tecnologiaparalaindustria.com\/pt\/wp-json\/wp\/v2\/posts\/1954","targetHints":{"allow":["GET"]}}],"collection":[{"href":"https:\/\/tecnologiaparalaindustria.com\/pt\/wp-json\/wp\/v2\/posts"}],"about":[{"href":"https:\/\/tecnologiaparalaindustria.com\/pt\/wp-json\/wp\/v2\/types\/post"}],"author":[{"embeddable":true,"href":"https:\/\/tecnologiaparalaindustria.com\/pt\/wp-json\/wp\/v2\/users\/3"}],"replies":[{"embeddable":true,"href":"https:\/\/tecnologiaparalaindustria.com\/pt\/wp-json\/wp\/v2\/comments?post=1954"}],"version-history":[{"count":0,"href":"https:\/\/tecnologiaparalaindustria.com\/pt\/wp-json\/wp\/v2\/posts\/1954\/revisions"}],"wp:featuredmedia":[{"embeddable":true,"href":"https:\/\/tecnologiaparalaindustria.com\/pt\/wp-json\/wp\/v2\/media\/1958"}],"wp:attachment":[{"href":"https:\/\/tecnologiaparalaindustria.com\/pt\/wp-json\/wp\/v2\/media?parent=1954"}],"wp:term":[{"taxonomy":"category","embeddable":true,"href":"https:\/\/tecnologiaparalaindustria.com\/pt\/wp-json\/wp\/v2\/categories?post=1954"},{"taxonomy":"post_tag","embeddable":true,"href":"https:\/\/tecnologiaparalaindustria.com\/pt\/wp-json\/wp\/v2\/tags?post=1954"}],"curies":[{"name":"wp","href":"https:\/\/api.w.org\/{rel}","templated":true}]}}