{"id":2446,"date":"2019-04-25T09:00:18","date_gmt":"2019-04-25T09:00:18","guid":{"rendered":"https:\/\/tecnologiaparalaindustria.com\/?p=2446"},"modified":"2025-07-22T12:18:31","modified_gmt":"2025-07-22T12:18:31","slug":"ahorro-energetico-del-aire-comprimido-minimizando-las-perdidas-y-fugas","status":"publish","type":"post","link":"https:\/\/tecnologiaparalaindustria.com\/pt\/ahorro-energetico-del-aire-comprimido-minimizando-las-perdidas-y-fugas\/","title":{"rendered":"Poupan\u00e7a de energia do ar comprimido atrav\u00e9s da minimiza\u00e7\u00e3o de perdas e fugas."},"content":{"rendered":"<p><em><span style=\"font-weight: 400;\">El ahorro energ\u00e9tico del aire comprimido cumple con las crecientes expectativas del mercado asociadas a la eficiencia energ\u00e9tica, e identificar oportunidades de ahorro adicionales como minimizar p\u00e9rdidas y fugas en los sistemas.<\/span><\/em><\/p>\n<p><span style=\"font-weight: 400;\">Si aceptamos generalmente que las fugas de aire comprimido son un desperdicio de dinero y se reparan f\u00e1cilmente, \u00bfPor qu\u00e9 siguen existiendo? Es aqu\u00ed unos de los problemas m\u00e1s vertiginosos que gerentes y responsables del mantenimiento de plantas deben hacerle frente.<\/span><\/p>\n<p><span style=\"font-weight: 400;\">Realizar una constante evaluaci\u00f3n y saber <\/span><b>c\u00f3mo determinar el costo del aire comprimido en plantas industriales<\/b><span style=\"font-weight: 400;\"> ayuda a los clientes a mejorar la eficiencia, confiabilidad y productividad de las plantas. Por lo tanto, corregir las p\u00e9rdidas y fugas en los sistemas es una forma de lograr el ahorro energ\u00e9tico del aire comprimido.<\/span><\/p>\n<p><span style=\"font-weight: 400;\">Como parte de un esfuerzo continuo para avanzar iterativamente en la eficiencia y eficacia de reparaci\u00f3n de fugas en los sistemas de aire comprimido, se recomienda la implementaci\u00f3n de un programa de mantenimiento enfocado en la evaluaci\u00f3n de fugas, en el cual se reporten los datos de cada fuga registrada y se compilen en una base de datos central.\u00a0Los resultados ser\u00e1n segmentados en dos \u00e1reas: <\/span><\/p>\n<ol>\n<li><b>Las fugas registradas<\/b><\/li>\n<\/ol>\n<p><span style=\"font-weight: 400;\">Al identificar ubicaciones de p\u00e9rdidas comunes, se observa que la mayor\u00eda de las fugas, por volumen y frecuencia, se producen en el punto de uso, el cual es el filtro-regulador-lubricador (FRL). Este es el principal culpable de las fugas en el sistema de aire comprimido, seguido de cerca por las uniones roscadas a lo largo de las ca\u00eddas de las tuber\u00edas y las conexiones a los equipos neum\u00e1ticos.\u00a0<\/span><\/p>\n<blockquote><p><span style=\"font-weight: 400;\">Tambi\u00e9n, las v\u00e1lvulas de punto utilizadas para controlar la actuaci\u00f3n de dispositivos neum\u00e1ticos simples o m\u00faltiples son un tercio cercano. En promedio, estas tres categor\u00edas de fugas representan m\u00e1s del 80% de las fugas identificadas en una instalaci\u00f3n industrial.\u00a0<\/span><\/p><\/blockquote>\n<p><span style=\"font-weight: 400;\">Muchos consideran que los accesorios de tipo de desconexi\u00f3n r\u00e1pida, los accesorios de tubo de cierre a presi\u00f3n y las fugas de mangueras\/tubos son los componentes m\u00e1s comunes propensos a fugas. Sin embargo, las pruebas diagn\u00f3stico explican que estas tres aplicaciones combinadas s\u00f3lo representan el 16% de todas las fugas identificadas.<\/span><\/p>\n<p><span style=\"font-weight: 400;\">Es decir, se ha comprobado que el filtro-regulador-lubricador FRL, las v\u00e1lvulas de control y las juntas roscadas en el punto de uso, representan la fuente m\u00e1s grande de oportunidades para el ahorro energ\u00e9tico del aire comprimido y no son abordadas. Algunos t\u00e9cnicos utilizan equipos de detecci\u00f3n de fugas por ultrasonidos para estimar los vol\u00famenes de fugas durante las evaluaciones, pero no cumplen con la discretizaci\u00f3n de ellas.<\/span><\/p>\n<p><span style=\"font-weight: 400;\">Hay que tener en cuenta que el coste de reparar una peque\u00f1a fuga puede exceder el potencial de ahorro m\u00e1s all\u00e1 de un umbral financiero espec\u00edfico del sitio.\u00a0En consecuencia, la mayor\u00eda de los clientes optan por no registrar estas fugas m\u00e1s peque\u00f1as durante la evaluaci\u00f3n y esto es una verdadera tragedia que no aporta inter\u00e9s alguno en optimizar la calidad del <\/span><a href=\"https:\/\/tecnologiaparalaindustria.com\/pt\/sistema-de-control-de-aire-comprimido-para-mejorar-la-eficiencia-en-la-planta-2\/\" target=\"_blank\" rel=\"noopener noreferrer\"><b>sistema de controlo do ar comprimido para melhorar a efici\u00eancia da f\u00e1brica<\/b><\/a><span style=\"font-weight: 400;\">.<\/span><\/p>\n<ol start=\"2\">\n<li><b>El proceso de reparaci\u00f3n de fugas<\/b><\/li>\n<\/ol>\n<p><span style=\"font-weight: 400;\">Para ser eficientes, las fugas programadas para reparaci\u00f3n deben ser priorizadas por el volumen medido y la facilidad de reparaci\u00f3n.\u00a0Esta priorizaci\u00f3n ofrece el mejor retorno en tiempo y esfuerzo. Muchas fugas grandes son reparadas con el fin de corregir un problema de rendimiento, no para lograr el ahorro energ\u00e9tico del aire comprimido.<\/span><\/p>\n<blockquote><p><span style=\"font-weight: 400;\">En tal sentido, es necesario entender que casi la mitad de todas las fugas podr\u00edan reducirse implementando un programa de mantenimiento de filtro-regulador-lubricador FRL, teniendo en cuenta que la mayor\u00eda de las instalaciones utilizan modelos y tama\u00f1os est\u00e1ndar.<\/span><\/p><\/blockquote>\n<p><span style=\"font-weight: 400;\">Un t\u00e9cnico de mantenimiento equipado con varios kits de reparaci\u00f3n y elementos de filtro de reemplazo podr\u00eda reparar f\u00e1cilmente una gran cantidad de fugas al tiempo que minimiza la variaci\u00f3n de la presi\u00f3n y las p\u00e9rdidas en cada estaci\u00f3n de filtro-regulador-lubricador FRL, mientras que las v\u00e1lvulas y las juntas roscadas adyacentes a la FRL deben incluirse como parte del mantenimiento preventivo anual de la FRL.\u00a0<\/span><\/p>\n<p>&nbsp;<\/p>\n<h3><b>Programa de mantenimiento inteligente para reparar fugas y lograr ahorro energ\u00e9tico del aire comprimido en plantas industriales<\/b><\/h3>\n<ul>\n<li><b>Establecer un proceso INTELIGENTE para reparar fugas<\/b><\/li>\n<\/ul>\n<p><span style=\"font-weight: 400;\">Las instalaciones industriales deben emplear el proceso de planificaci\u00f3n SMART para lograr la conservaci\u00f3n y el ahorro energ\u00e9tico del aire comprimido.\u00a0SMART es un acr\u00f3nimo usado por muchas organizaciones para crear objetivos con una alta probabilidad de \u00e9xito.\u00a0Un objetivo INTELIGENTE debe ser:<\/span><\/p>\n<ul>\n<li style=\"font-weight: 400;\"><span style=\"font-weight: 400;\">Espec\u00edfico<\/span><\/li>\n<li style=\"font-weight: 400;\"><span style=\"font-weight: 400;\">Medible<\/span><\/li>\n<li style=\"font-weight: 400;\"><span style=\"font-weight: 400;\">Acordado<\/span><\/li>\n<li style=\"font-weight: 400;\"><span style=\"font-weight: 400;\">Realista<\/span><\/li>\n<li style=\"font-weight: 400;\"><span style=\"font-weight: 400;\">Limitados en el tiempo.<\/span><\/li>\n<\/ul>\n<p>&nbsp;<\/p>\n<ul>\n<li><b>Establecer objetivos espec\u00edficos<\/b><\/li>\n<\/ul>\n<p><span style=\"font-weight: 400;\">La definici\u00f3n de objetivos espec\u00edficos al inicio del proceso de gesti\u00f3n de fugas ayudar\u00e1 a garantizar que otros aspectos del proyecto den los resultados deseados, esto permitir\u00e1 lograr la conservaci\u00f3n de la energ\u00eda y los ahorros monetarios asociados con la reparaci\u00f3n de fugas, es imperativo que el proyecto establezca espec\u00edficamente el resultado deseado.<\/span><\/p>\n<ul>\n<li><b>Medir el impacto en el ahorro de energ\u00eda<\/b><\/li>\n<\/ul>\n<p><span style=\"font-weight: 400;\">Definir con precisi\u00f3n. \u00bfC\u00f3mo se mide el progreso? Tiene un impacto significativo en la conservaci\u00f3n de energ\u00eda y en los resultados finales.\u00a0Dependiendo de la importancia del ahorro energ\u00e9tico del aire comprimido en relaci\u00f3n con el consumo mensual de energ\u00eda de la instalaci\u00f3n, la medici\u00f3n m\u00e1s b\u00e1sica se basa en el cambio en la factura el\u00e9ctrica mensual.<\/span><\/p>\n<p><span style=\"font-weight: 400;\">La realizaci\u00f3n de una evaluaci\u00f3n de fugas que proporcione una lista de fugas priorizada, clasificada por volumen de fuga, facilita un uso m\u00e1s eficiente del personal de mantenimiento, ya que no pierden tiempo buscando todas las fugas.<\/span><\/p>\n<blockquote><p><span style=\"font-weight: 400;\">Incorporar en el proceso de evaluaci\u00f3n una medici\u00f3n antes y despu\u00e9s de las fugas reparadas valida que las fugas se reparen adecuadamente y se reduzca la demanda de energ\u00eda del aire comprimido. <\/span><\/p><\/blockquote>\n<p><span style=\"font-weight: 400;\">Para mantener la eficiencia operativa se recomienda que una instalaci\u00f3n tenga suficiente instrumentaci\u00f3n y datos de tendencias para establecer una l\u00ednea de base asociada con la demanda de aire comprimido y el consumo de energ\u00eda. Las expectativas se pueden definir en base a m\u00e9tricas de rendimiento establecidas o indicadores de rendimiento.\u00a0<\/span><\/p>\n<p><span style=\"font-weight: 400;\">Dependiendo de los compresores instalados y de c\u00f3mo funcionan como un sistema en relaci\u00f3n con las demandas de producci\u00f3n, los ahorros reales pueden ser muy diferentes.\u00a0Hay muchos ejemplos en los que los ahorros pueden variar mayores a ning\u00fan ahorro en absoluto.\u00a0<\/span><\/p>\n<ul>\n<li><b>Acordar objetivos<\/b><\/li>\n<\/ul>\n<p><span style=\"font-weight: 400;\">Es esencial lograr que todas las personas involucradas en un proyecto de reparaci\u00f3n de fugas, sus supervisores directos y otros l\u00edderes de la compa\u00f1\u00eda, est\u00e9n de acuerdo con las expectativas y el proceso de medici\u00f3n, para que el proyecto tenga \u00e9xito.<\/span><\/p>\n<blockquote><p><span style=\"font-weight: 400;\">Es igual de importante estar alineado con los l\u00edderes de producci\u00f3n, ya que muchas fugas requieren acceso a las \u00e1reas de producci\u00f3n y pueden requerir tiempo de inactividad para la reparaci\u00f3n.\u00a0<\/span><\/p><\/blockquote>\n<ul>\n<li><b>Identificar metas realistas<\/b><\/li>\n<\/ul>\n<p><span style=\"font-weight: 400;\">Involucrar a los miembros del equipo que est\u00e9n familiarizados con la instalaci\u00f3n y tengan conocimiento sobre el sistema de compresi\u00f3n ayudar\u00e1 a cuantificar y minimizar las fugas de aire comprimido industrial, as\u00ed como tambi\u00e9n permitir\u00e1 que los objetivos de ahorro energ\u00e9tico del aire comprimido y los planes de medici\u00f3n establecidos sean realistas.<\/span><\/p>\n<ul>\n<li><b>Establecer objetivos de reparaci\u00f3n con l\u00edmite de tiempo<\/b><\/li>\n<\/ul>\n<p><span style=\"font-weight: 400;\">Sin establecer los hitos del proyecto y las fechas de finalizaci\u00f3n, es f\u00e1cil que los recursos se comprometan en otros proyectos.\u00a0Reparar fugas no es emocionante, y cualquier excusa es una raz\u00f3n suficiente para dejar de lado la tarea.\u00a0Elige una fecha, asigna el tiempo y hazlo.<\/span><\/p>\n<ul>\n<li><b>Describir cu\u00e1l ser\u00e1 el tratamiento de fugas durante las actividades de mantenimiento de rutina<\/b><\/li>\n<\/ul>\n<p><span style=\"font-weight: 400;\">No existe una soluci\u00f3n m\u00e1gica para eliminar las fugas de aire comprimido en una instalaci\u00f3n industrial, pero una mayor comprensi\u00f3n de las fugas y un proceso comprobado para abordarlas ayudar\u00e1n a ahorrar energ\u00eda.\u00a0 <\/span><\/p>\n<p><span style=\"font-weight: 400;\">Cuando las acciones de mitigaci\u00f3n de fugas proporcionan ahorro energ\u00e9tico del aire comprimido, seguir los pasos inteligentes ayudar\u00e1 a garantizar que los resultados deseados se validen. Si deseas conocer c\u00f3mo es el <\/span><a href=\"https:\/\/tecnologiaparalaindustria.com\/pt\/diseno-de-un-sistema-de-aire-comprimido-central-tuberia-recomendada-2\/\" target=\"_blank\" rel=\"noopener noreferrer\"><b>dise\u00f1o del sistema de aire comprimido central: Tuber\u00eda recomendada<\/b><\/a><span style=\"font-weight: 400;\"> o los <\/span><a href=\"https:\/\/tecnologiaparalaindustria.com\/pt\/vantagens-do-sistema-de-monitorizacao-a-distancia-para-compressores-de-ar\/\" target=\"_blank\" rel=\"noopener noreferrer\"><b>vantagens do sistema de monitoriza\u00e7\u00e3o \u00e0 dist\u00e2ncia para compressores de ar<\/b><\/a><span style=\"font-weight: 400;\">Convidamo-lo a subscrever a <\/span><a href=\"https:\/\/tecnologiaparalaindustria.com\/pt\/newsletter\/?utm_source=Newsletter&amp;utm_medium=Cta_web&amp;utm_campaign=Newsletter_cta_webhttps:\/\/tecnologiaparalaindustria.com\/newsletter\/?utm_source=Newsletter&amp;utm_medium=Cta_web&amp;utm_campaign=Newsletter_cta_web\" target=\"_blank\" rel=\"noopener noreferrer\"><b>Boletim informativo sobre tecnologia para a ind\u00fastria<\/b><\/a><span style=\"font-weight: 400;\">O boletim informativo mais completo sobre novas tecnologias industriais, inova\u00e7\u00f5es no fabrico, equipamento e tend\u00eancias em automa\u00e7\u00e3o.<\/span><\/p>\n<p><a href=\"https:\/\/recursos.tecnologiaparalaindustria.com\/newsletter?utm_source=Newsletter&amp;utm_medium=Cta_web&amp;utm_campaign=Newsletter_cta_web\" target=\"_blank\" rel=\"noopener noreferrer\"><img loading=\"lazy\" decoding=\"async\" class=\"aligncenter wp-image-2307 size-full\" src=\"https:\/\/tecnologiaparalaindustria.com\/wp-content\/uploads\/2019\/03\/CTA.NEWSLETTER-TECNOLOGIA-PARA-LA-INDUSTRIA.png\" alt=\"tecnologia de boletins informativos para a ind\u00fastria - Aumentar a efici\u00eancia das m\u00e1quinas\" width=\"2400\" height=\"1200\" srcset=\"https:\/\/tecnologiaparalaindustria.com\/wp-content\/uploads\/2019\/03\/CTA.NEWSLETTER-TECNOLOGIA-PARA-LA-INDUSTRIA-18x9.png 18w, https:\/\/tecnologiaparalaindustria.com\/wp-content\/uploads\/2019\/03\/CTA.NEWSLETTER-TECNOLOGIA-PARA-LA-INDUSTRIA-150x75.png 150w, https:\/\/tecnologiaparalaindustria.com\/wp-content\/uploads\/2019\/03\/CTA.NEWSLETTER-TECNOLOGIA-PARA-LA-INDUSTRIA-300x150.png 300w, https:\/\/tecnologiaparalaindustria.com\/wp-content\/uploads\/2019\/03\/CTA.NEWSLETTER-TECNOLOGIA-PARA-LA-INDUSTRIA-390x195.png 390w, https:\/\/tecnologiaparalaindustria.com\/wp-content\/uploads\/2019\/03\/CTA.NEWSLETTER-TECNOLOGIA-PARA-LA-INDUSTRIA-768x384.png 768w, https:\/\/tecnologiaparalaindustria.com\/wp-content\/uploads\/2019\/03\/CTA.NEWSLETTER-TECNOLOGIA-PARA-LA-INDUSTRIA-1024x512.png 1024w, https:\/\/tecnologiaparalaindustria.com\/wp-content\/uploads\/2019\/03\/CTA.NEWSLETTER-TECNOLOGIA-PARA-LA-INDUSTRIA-1536x768.png 1536w, https:\/\/tecnologiaparalaindustria.com\/wp-content\/uploads\/2019\/03\/CTA.NEWSLETTER-TECNOLOGIA-PARA-LA-INDUSTRIA-2048x1024.png 2048w, https:\/\/tecnologiaparalaindustria.com\/wp-content\/uploads\/2019\/03\/CTA.NEWSLETTER-TECNOLOGIA-PARA-LA-INDUSTRIA.png 2400w\" sizes=\"auto, (max-width: 2400px) 100vw, 2400px\" \/><\/a><\/p>","protected":false},"excerpt":{"rendered":"<p>El ahorro energ\u00e9tico del aire comprimido cumple con las crecientes expectativas del mercado asociadas a la eficiencia energ\u00e9tica, e identificar oportunidades de ahorro adicionales como minimizar p\u00e9rdidas y fugas en &hellip;<\/p>","protected":false},"author":2,"featured_media":2447,"comment_status":"open","ping_status":"open","sticky":false,"template":"","format":"standard","meta":{"_acf_changed":false,"_genesis_hide_title":false,"_genesis_hide_breadcrumbs":false,"_genesis_hide_singular_image":false,"_genesis_hide_footer_widgets":false,"_genesis_custom_body_class":"","_genesis_custom_post_class":"","_genesis_layout":"","footnotes":""},"categories":[496],"tags":[],"class_list":["type-post","category-equipos-industriales","entry"],"yoast_head":"<!-- This site is optimized with the Yoast SEO plugin v27.3 - https:\/\/yoast.com\/product\/yoast-seo-wordpress\/ -->\n<title>Ahorro energ\u00e9tico del aire comprimido minimizando las p\u00e9rdidas y fugas<\/title>\n<meta name=\"description\" content=\"El ahorro energ\u00e9tico del aire comprimido cumple con las crecientes expectativas del mercado asociadas a la eficiencia energ\u00e9tica.\" \/>\n<meta name=\"robots\" content=\"index, follow, max-snippet:-1, max-image-preview:large, max-video-preview:-1\" \/>\n<link rel=\"canonical\" href=\"https:\/\/tecnologiaparalaindustria.com\/pt\/ahorro-energetico-del-aire-comprimido-minimizando-las-perdidas-y-fugas\/\" \/>\n<meta property=\"og:locale\" content=\"pt_PT\" \/>\n<meta property=\"og:type\" content=\"article\" \/>\n<meta property=\"og:title\" content=\"Ahorro energ\u00e9tico del aire comprimido minimizando las p\u00e9rdidas y fugas\" \/>\n<meta property=\"og:description\" content=\"El ahorro energ\u00e9tico del aire comprimido cumple con las crecientes expectativas del mercado asociadas a la eficiencia energ\u00e9tica.\" \/>\n<meta property=\"og:url\" content=\"https:\/\/tecnologiaparalaindustria.com\/pt\/ahorro-energetico-del-aire-comprimido-minimizando-las-perdidas-y-fugas\/\" \/>\n<meta property=\"og:site_name\" content=\"Tecnolog\u00eda para la Industria\" \/>\n<meta property=\"article:publisher\" content=\"https:\/\/www.facebook.com\/tecnologiaparalaindustria\" \/>\n<meta property=\"article:published_time\" content=\"2019-04-25T09:00:18+00:00\" \/>\n<meta property=\"article:modified_time\" content=\"2025-07-22T12:18:31+00:00\" \/>\n<meta property=\"og:image\" content=\"https:\/\/tecnologiaparalaindustria.com\/wp-content\/uploads\/2019\/04\/Ahorro-energ\u00e9tico-del-aire-comprimido-jpg.webp\" \/>\n\t<meta property=\"og:image:width\" content=\"1200\" \/>\n\t<meta property=\"og:image:height\" content=\"600\" \/>\n\t<meta property=\"og:image:type\" content=\"image\/jpeg\" \/>\n<meta name=\"author\" content=\"REDACCI\u00d3N\" \/>\n<meta name=\"twitter:card\" content=\"summary_large_image\" \/>\n<meta name=\"twitter:label1\" content=\"Escrito por\" \/>\n\t<meta name=\"twitter:data1\" content=\"REDACCI\u00d3N\" \/>\n\t<meta name=\"twitter:label2\" content=\"Tempo estimado de leitura\" \/>\n\t<meta name=\"twitter:data2\" content=\"7 minutos\" \/>\n<script type=\"application\/ld+json\" class=\"yoast-schema-graph\">{\"@context\":\"https:\\\/\\\/schema.org\",\"@graph\":[{\"@type\":\"Article\",\"@id\":\"https:\\\/\\\/tecnologiaparalaindustria.com\\\/ahorro-energetico-del-aire-comprimido-minimizando-las-perdidas-y-fugas\\\/#article\",\"isPartOf\":{\"@id\":\"https:\\\/\\\/tecnologiaparalaindustria.com\\\/ahorro-energetico-del-aire-comprimido-minimizando-las-perdidas-y-fugas\\\/\"},\"author\":{\"name\":\"REDACCI\u00d3N\",\"@id\":\"https:\\\/\\\/tecnologiaparalaindustria.com\\\/#\\\/schema\\\/person\\\/d04140bd22bb08f9a61cd720e5fe5038\"},\"headline\":\"Ahorro energ\u00e9tico del aire comprimido minimizando las perdidas y fugas\",\"datePublished\":\"2019-04-25T09:00:18+00:00\",\"dateModified\":\"2025-07-22T12:18:31+00:00\",\"mainEntityOfPage\":{\"@id\":\"https:\\\/\\\/tecnologiaparalaindustria.com\\\/ahorro-energetico-del-aire-comprimido-minimizando-las-perdidas-y-fugas\\\/\"},\"wordCount\":1487,\"commentCount\":0,\"publisher\":{\"@id\":\"https:\\\/\\\/tecnologiaparalaindustria.com\\\/#organization\"},\"image\":{\"@id\":\"https:\\\/\\\/tecnologiaparalaindustria.com\\\/ahorro-energetico-del-aire-comprimido-minimizando-las-perdidas-y-fugas\\\/#primaryimage\"},\"thumbnailUrl\":\"https:\\\/\\\/tecnologiaparalaindustria.com\\\/wp-content\\\/uploads\\\/2019\\\/04\\\/Ahorro-energ\u00e9tico-del-aire-comprimido-jpg.webp\",\"articleSection\":[\"Equipos Industriales\"],\"inLanguage\":\"pt-PT\",\"potentialAction\":[{\"@type\":\"CommentAction\",\"name\":\"Comment\",\"target\":[\"https:\\\/\\\/tecnologiaparalaindustria.com\\\/ahorro-energetico-del-aire-comprimido-minimizando-las-perdidas-y-fugas\\\/#respond\"]}]},{\"@type\":\"WebPage\",\"@id\":\"https:\\\/\\\/tecnologiaparalaindustria.com\\\/ahorro-energetico-del-aire-comprimido-minimizando-las-perdidas-y-fugas\\\/\",\"url\":\"https:\\\/\\\/tecnologiaparalaindustria.com\\\/ahorro-energetico-del-aire-comprimido-minimizando-las-perdidas-y-fugas\\\/\",\"name\":\"Ahorro energ\u00e9tico del aire comprimido minimizando las p\u00e9rdidas y fugas\",\"isPartOf\":{\"@id\":\"https:\\\/\\\/tecnologiaparalaindustria.com\\\/#website\"},\"primaryImageOfPage\":{\"@id\":\"https:\\\/\\\/tecnologiaparalaindustria.com\\\/ahorro-energetico-del-aire-comprimido-minimizando-las-perdidas-y-fugas\\\/#primaryimage\"},\"image\":{\"@id\":\"https:\\\/\\\/tecnologiaparalaindustria.com\\\/ahorro-energetico-del-aire-comprimido-minimizando-las-perdidas-y-fugas\\\/#primaryimage\"},\"thumbnailUrl\":\"https:\\\/\\\/tecnologiaparalaindustria.com\\\/wp-content\\\/uploads\\\/2019\\\/04\\\/Ahorro-energ\u00e9tico-del-aire-comprimido-jpg.webp\",\"datePublished\":\"2019-04-25T09:00:18+00:00\",\"dateModified\":\"2025-07-22T12:18:31+00:00\",\"description\":\"El ahorro energ\u00e9tico del aire comprimido cumple con las crecientes expectativas del mercado asociadas a la eficiencia energ\u00e9tica.\",\"breadcrumb\":{\"@id\":\"https:\\\/\\\/tecnologiaparalaindustria.com\\\/ahorro-energetico-del-aire-comprimido-minimizando-las-perdidas-y-fugas\\\/#breadcrumb\"},\"inLanguage\":\"pt-PT\",\"potentialAction\":[{\"@type\":\"ReadAction\",\"target\":[\"https:\\\/\\\/tecnologiaparalaindustria.com\\\/ahorro-energetico-del-aire-comprimido-minimizando-las-perdidas-y-fugas\\\/\"]}]},{\"@type\":\"ImageObject\",\"inLanguage\":\"pt-PT\",\"@id\":\"https:\\\/\\\/tecnologiaparalaindustria.com\\\/ahorro-energetico-del-aire-comprimido-minimizando-las-perdidas-y-fugas\\\/#primaryimage\",\"url\":\"https:\\\/\\\/tecnologiaparalaindustria.com\\\/wp-content\\\/uploads\\\/2019\\\/04\\\/Ahorro-energ\u00e9tico-del-aire-comprimido-jpg.webp\",\"contentUrl\":\"https:\\\/\\\/tecnologiaparalaindustria.com\\\/wp-content\\\/uploads\\\/2019\\\/04\\\/Ahorro-energ\u00e9tico-del-aire-comprimido-jpg.webp\",\"width\":1200,\"height\":600,\"caption\":\"Ahorro energ\u00e9tico del aire comprimido\"},{\"@type\":\"BreadcrumbList\",\"@id\":\"https:\\\/\\\/tecnologiaparalaindustria.com\\\/ahorro-energetico-del-aire-comprimido-minimizando-las-perdidas-y-fugas\\\/#breadcrumb\",\"itemListElement\":[{\"@type\":\"ListItem\",\"position\":1,\"name\":\"Home\",\"item\":\"https:\\\/\\\/tecnologiaparalaindustria.com\\\/\"},{\"@type\":\"ListItem\",\"position\":2,\"name\":\"Ahorro energ\u00e9tico del aire comprimido minimizando las perdidas y fugas\"}]},{\"@type\":\"WebSite\",\"@id\":\"https:\\\/\\\/tecnologiaparalaindustria.com\\\/#website\",\"url\":\"https:\\\/\\\/tecnologiaparalaindustria.com\\\/\",\"name\":\"Tecnolog\u00eda para la Industria\",\"description\":\"Soluciones tecnol\u00f3gicas para plantas industriales\",\"publisher\":{\"@id\":\"https:\\\/\\\/tecnologiaparalaindustria.com\\\/#organization\"},\"potentialAction\":[{\"@type\":\"SearchAction\",\"target\":{\"@type\":\"EntryPoint\",\"urlTemplate\":\"https:\\\/\\\/tecnologiaparalaindustria.com\\\/?s={search_term_string}\"},\"query-input\":{\"@type\":\"PropertyValueSpecification\",\"valueRequired\":true,\"valueName\":\"search_term_string\"}}],\"inLanguage\":\"pt-PT\"},{\"@type\":\"Organization\",\"@id\":\"https:\\\/\\\/tecnologiaparalaindustria.com\\\/#organization\",\"name\":\"TPI - Tecnolog\u00eda para la Industria\",\"url\":\"https:\\\/\\\/tecnologiaparalaindustria.com\\\/\",\"logo\":{\"@type\":\"ImageObject\",\"inLanguage\":\"pt-PT\",\"@id\":\"https:\\\/\\\/tecnologiaparalaindustria.com\\\/#\\\/schema\\\/logo\\\/image\\\/\",\"url\":\"https:\\\/\\\/tecnologiaparalaindustria.com\\\/wp-content\\\/uploads\\\/2020\\\/08\\\/cropped-LOGO-FONDO-BLANCO.png\",\"contentUrl\":\"https:\\\/\\\/tecnologiaparalaindustria.com\\\/wp-content\\\/uploads\\\/2020\\\/08\\\/cropped-LOGO-FONDO-BLANCO.png\",\"width\":520,\"height\":289,\"caption\":\"TPI - Tecnolog\u00eda para la Industria\"},\"image\":{\"@id\":\"https:\\\/\\\/tecnologiaparalaindustria.com\\\/#\\\/schema\\\/logo\\\/image\\\/\"},\"sameAs\":[\"https:\\\/\\\/www.facebook.com\\\/tecnologiaparalaindustria\",\"https:\\\/\\\/www.instagram.com\\\/tecnologiaparalaindustria\\\/\"]},{\"@type\":\"Person\",\"@id\":\"https:\\\/\\\/tecnologiaparalaindustria.com\\\/#\\\/schema\\\/person\\\/d04140bd22bb08f9a61cd720e5fe5038\",\"name\":\"REDACCI\u00d3N\",\"image\":{\"@type\":\"ImageObject\",\"inLanguage\":\"pt-PT\",\"@id\":\"https:\\\/\\\/secure.gravatar.com\\\/avatar\\\/daafa31e3c3038855edc007ca2e41a7f1af1259b6b79b93359d6de82934c5943?s=96&d=mm&r=g\",\"url\":\"https:\\\/\\\/secure.gravatar.com\\\/avatar\\\/daafa31e3c3038855edc007ca2e41a7f1af1259b6b79b93359d6de82934c5943?s=96&d=mm&r=g\",\"contentUrl\":\"https:\\\/\\\/secure.gravatar.com\\\/avatar\\\/daafa31e3c3038855edc007ca2e41a7f1af1259b6b79b93359d6de82934c5943?s=96&d=mm&r=g\",\"caption\":\"REDACCI\u00d3N\"},\"sameAs\":[\"https:\\\/\\\/tecnologiaparalaindustria.com\\\/\"]}]}<\/script>\n<!-- \/ Yoast SEO plugin. -->","yoast_head_json":{"title":"Ahorro energ\u00e9tico del aire comprimido minimizando las p\u00e9rdidas y fugas","description":"El ahorro energ\u00e9tico del aire comprimido cumple con las crecientes expectativas del mercado asociadas a la eficiencia energ\u00e9tica.","robots":{"index":"index","follow":"follow","max-snippet":"max-snippet:-1","max-image-preview":"max-image-preview:large","max-video-preview":"max-video-preview:-1"},"canonical":"https:\/\/tecnologiaparalaindustria.com\/pt\/ahorro-energetico-del-aire-comprimido-minimizando-las-perdidas-y-fugas\/","og_locale":"pt_PT","og_type":"article","og_title":"Ahorro energ\u00e9tico del aire comprimido minimizando las p\u00e9rdidas y fugas","og_description":"El ahorro energ\u00e9tico del aire comprimido cumple con las crecientes expectativas del mercado asociadas a la eficiencia energ\u00e9tica.","og_url":"https:\/\/tecnologiaparalaindustria.com\/pt\/ahorro-energetico-del-aire-comprimido-minimizando-las-perdidas-y-fugas\/","og_site_name":"Tecnolog\u00eda para la Industria","article_publisher":"https:\/\/www.facebook.com\/tecnologiaparalaindustria","article_published_time":"2019-04-25T09:00:18+00:00","article_modified_time":"2025-07-22T12:18:31+00:00","og_image":[{"width":1200,"height":600,"url":"https:\/\/tecnologiaparalaindustria.com\/wp-content\/uploads\/2019\/04\/Ahorro-energ\u00e9tico-del-aire-comprimido-jpg.webp","type":"image\/jpeg"}],"author":"REDACCI\u00d3N","twitter_card":"summary_large_image","twitter_misc":{"Escrito por":"REDACCI\u00d3N","Tempo estimado de leitura":"7 minutos"},"schema":{"@context":"https:\/\/schema.org","@graph":[{"@type":"Article","@id":"https:\/\/tecnologiaparalaindustria.com\/ahorro-energetico-del-aire-comprimido-minimizando-las-perdidas-y-fugas\/#article","isPartOf":{"@id":"https:\/\/tecnologiaparalaindustria.com\/ahorro-energetico-del-aire-comprimido-minimizando-las-perdidas-y-fugas\/"},"author":{"name":"REDACCI\u00d3N","@id":"https:\/\/tecnologiaparalaindustria.com\/#\/schema\/person\/d04140bd22bb08f9a61cd720e5fe5038"},"headline":"Ahorro energ\u00e9tico del aire comprimido minimizando las perdidas y fugas","datePublished":"2019-04-25T09:00:18+00:00","dateModified":"2025-07-22T12:18:31+00:00","mainEntityOfPage":{"@id":"https:\/\/tecnologiaparalaindustria.com\/ahorro-energetico-del-aire-comprimido-minimizando-las-perdidas-y-fugas\/"},"wordCount":1487,"commentCount":0,"publisher":{"@id":"https:\/\/tecnologiaparalaindustria.com\/#organization"},"image":{"@id":"https:\/\/tecnologiaparalaindustria.com\/ahorro-energetico-del-aire-comprimido-minimizando-las-perdidas-y-fugas\/#primaryimage"},"thumbnailUrl":"https:\/\/tecnologiaparalaindustria.com\/wp-content\/uploads\/2019\/04\/Ahorro-energ\u00e9tico-del-aire-comprimido-jpg.webp","articleSection":["Equipos Industriales"],"inLanguage":"pt-PT","potentialAction":[{"@type":"CommentAction","name":"Comment","target":["https:\/\/tecnologiaparalaindustria.com\/ahorro-energetico-del-aire-comprimido-minimizando-las-perdidas-y-fugas\/#respond"]}]},{"@type":"WebPage","@id":"https:\/\/tecnologiaparalaindustria.com\/ahorro-energetico-del-aire-comprimido-minimizando-las-perdidas-y-fugas\/","url":"https:\/\/tecnologiaparalaindustria.com\/ahorro-energetico-del-aire-comprimido-minimizando-las-perdidas-y-fugas\/","name":"Ahorro energ\u00e9tico del aire comprimido minimizando las p\u00e9rdidas y fugas","isPartOf":{"@id":"https:\/\/tecnologiaparalaindustria.com\/#website"},"primaryImageOfPage":{"@id":"https:\/\/tecnologiaparalaindustria.com\/ahorro-energetico-del-aire-comprimido-minimizando-las-perdidas-y-fugas\/#primaryimage"},"image":{"@id":"https:\/\/tecnologiaparalaindustria.com\/ahorro-energetico-del-aire-comprimido-minimizando-las-perdidas-y-fugas\/#primaryimage"},"thumbnailUrl":"https:\/\/tecnologiaparalaindustria.com\/wp-content\/uploads\/2019\/04\/Ahorro-energ\u00e9tico-del-aire-comprimido-jpg.webp","datePublished":"2019-04-25T09:00:18+00:00","dateModified":"2025-07-22T12:18:31+00:00","description":"El ahorro energ\u00e9tico del aire comprimido cumple con las crecientes expectativas del mercado asociadas a la eficiencia energ\u00e9tica.","breadcrumb":{"@id":"https:\/\/tecnologiaparalaindustria.com\/ahorro-energetico-del-aire-comprimido-minimizando-las-perdidas-y-fugas\/#breadcrumb"},"inLanguage":"pt-PT","potentialAction":[{"@type":"ReadAction","target":["https:\/\/tecnologiaparalaindustria.com\/ahorro-energetico-del-aire-comprimido-minimizando-las-perdidas-y-fugas\/"]}]},{"@type":"ImageObject","inLanguage":"pt-PT","@id":"https:\/\/tecnologiaparalaindustria.com\/ahorro-energetico-del-aire-comprimido-minimizando-las-perdidas-y-fugas\/#primaryimage","url":"https:\/\/tecnologiaparalaindustria.com\/wp-content\/uploads\/2019\/04\/Ahorro-energ\u00e9tico-del-aire-comprimido-jpg.webp","contentUrl":"https:\/\/tecnologiaparalaindustria.com\/wp-content\/uploads\/2019\/04\/Ahorro-energ\u00e9tico-del-aire-comprimido-jpg.webp","width":1200,"height":600,"caption":"Ahorro energ\u00e9tico del aire comprimido"},{"@type":"BreadcrumbList","@id":"https:\/\/tecnologiaparalaindustria.com\/ahorro-energetico-del-aire-comprimido-minimizando-las-perdidas-y-fugas\/#breadcrumb","itemListElement":[{"@type":"ListItem","position":1,"name":"Home","item":"https:\/\/tecnologiaparalaindustria.com\/"},{"@type":"ListItem","position":2,"name":"Ahorro energ\u00e9tico del aire comprimido minimizando las perdidas y fugas"}]},{"@type":"WebSite","@id":"https:\/\/tecnologiaparalaindustria.com\/#website","url":"https:\/\/tecnologiaparalaindustria.com\/","name":"Tecnologia para a ind\u00fastria","description":"Solu\u00e7\u00f5es tecnol\u00f3gicas para instala\u00e7\u00f5es industriais","publisher":{"@id":"https:\/\/tecnologiaparalaindustria.com\/#organization"},"potentialAction":[{"@type":"SearchAction","target":{"@type":"EntryPoint","urlTemplate":"https:\/\/tecnologiaparalaindustria.com\/?s={search_term_string}"},"query-input":{"@type":"PropertyValueSpecification","valueRequired":true,"valueName":"search_term_string"}}],"inLanguage":"pt-PT"},{"@type":"Organization","@id":"https:\/\/tecnologiaparalaindustria.com\/#organization","name":"TPI - Tecnologia para a Ind\u00fastria","url":"https:\/\/tecnologiaparalaindustria.com\/","logo":{"@type":"ImageObject","inLanguage":"pt-PT","@id":"https:\/\/tecnologiaparalaindustria.com\/#\/schema\/logo\/image\/","url":"https:\/\/tecnologiaparalaindustria.com\/wp-content\/uploads\/2020\/08\/cropped-LOGO-FONDO-BLANCO.png","contentUrl":"https:\/\/tecnologiaparalaindustria.com\/wp-content\/uploads\/2020\/08\/cropped-LOGO-FONDO-BLANCO.png","width":520,"height":289,"caption":"TPI - Tecnolog\u00eda para la Industria"},"image":{"@id":"https:\/\/tecnologiaparalaindustria.com\/#\/schema\/logo\/image\/"},"sameAs":["https:\/\/www.facebook.com\/tecnologiaparalaindustria","https:\/\/www.instagram.com\/tecnologiaparalaindustria\/"]},{"@type":"Person","@id":"https:\/\/tecnologiaparalaindustria.com\/#\/schema\/person\/d04140bd22bb08f9a61cd720e5fe5038","name":"EDITORIAL","image":{"@type":"ImageObject","inLanguage":"pt-PT","@id":"https:\/\/secure.gravatar.com\/avatar\/daafa31e3c3038855edc007ca2e41a7f1af1259b6b79b93359d6de82934c5943?s=96&d=mm&r=g","url":"https:\/\/secure.gravatar.com\/avatar\/daafa31e3c3038855edc007ca2e41a7f1af1259b6b79b93359d6de82934c5943?s=96&d=mm&r=g","contentUrl":"https:\/\/secure.gravatar.com\/avatar\/daafa31e3c3038855edc007ca2e41a7f1af1259b6b79b93359d6de82934c5943?s=96&d=mm&r=g","caption":"REDACCI\u00d3N"},"sameAs":["https:\/\/tecnologiaparalaindustria.com\/"]}]}},"featured_image_src":"https:\/\/tecnologiaparalaindustria.com\/wp-content\/uploads\/2019\/04\/Ahorro-energ\u00e9tico-del-aire-comprimido-600x400.webp","featured_image_src_square":"https:\/\/tecnologiaparalaindustria.com\/wp-content\/uploads\/2019\/04\/Ahorro-energ\u00e9tico-del-aire-comprimido-600x600.webp","author_info":{"display_name":"REDACCI\u00d3N","author_link":"https:\/\/tecnologiaparalaindustria.com\/pt\/author\/tecnologiavao\/"},"acf":[],"_links":{"self":[{"href":"https:\/\/tecnologiaparalaindustria.com\/pt\/wp-json\/wp\/v2\/posts\/2446","targetHints":{"allow":["GET"]}}],"collection":[{"href":"https:\/\/tecnologiaparalaindustria.com\/pt\/wp-json\/wp\/v2\/posts"}],"about":[{"href":"https:\/\/tecnologiaparalaindustria.com\/pt\/wp-json\/wp\/v2\/types\/post"}],"author":[{"embeddable":true,"href":"https:\/\/tecnologiaparalaindustria.com\/pt\/wp-json\/wp\/v2\/users\/2"}],"replies":[{"embeddable":true,"href":"https:\/\/tecnologiaparalaindustria.com\/pt\/wp-json\/wp\/v2\/comments?post=2446"}],"version-history":[{"count":0,"href":"https:\/\/tecnologiaparalaindustria.com\/pt\/wp-json\/wp\/v2\/posts\/2446\/revisions"}],"wp:featuredmedia":[{"embeddable":true,"href":"https:\/\/tecnologiaparalaindustria.com\/pt\/wp-json\/wp\/v2\/media\/2447"}],"wp:attachment":[{"href":"https:\/\/tecnologiaparalaindustria.com\/pt\/wp-json\/wp\/v2\/media?parent=2446"}],"wp:term":[{"taxonomy":"category","embeddable":true,"href":"https:\/\/tecnologiaparalaindustria.com\/pt\/wp-json\/wp\/v2\/categories?post=2446"},{"taxonomy":"post_tag","embeddable":true,"href":"https:\/\/tecnologiaparalaindustria.com\/pt\/wp-json\/wp\/v2\/tags?post=2446"}],"curies":[{"name":"wp","href":"https:\/\/api.w.org\/{rel}","templated":true}]}}