{"id":26048,"date":"2021-03-02T09:00:36","date_gmt":"2021-03-02T09:00:36","guid":{"rendered":"https:\/\/tecnologiaparalaindustria.com\/?p=26048"},"modified":"2025-07-22T12:16:57","modified_gmt":"2025-07-22T12:16:57","slug":"4-razones-para-alquilar-sistemas-de-compresion-de-aire-industrial","status":"publish","type":"post","link":"https:\/\/tecnologiaparalaindustria.com\/pt\/4-razones-para-alquilar-sistemas-de-compresion-de-aire-industrial\/","title":{"rendered":"4 raz\u00f5es para alugar sistemas de compressores de ar industriais"},"content":{"rendered":"<p class=\"p1\">O aluguer de sistemas de compressores de ar tornou-se uma alternativa ideal para os respons\u00e1veis pela opera\u00e7\u00e3o de instala\u00e7\u00f5es de processos industriais. De facto, s\u00e3o muitos os factores que t\u00eam influenciado o aumento do aluguer de compressores de ar e um deles \u00e9, naturalmente, o grande investimento envolvido na aquisi\u00e7\u00e3o destes equipamentos.<\/p>\n<p class=\"p1\">\u00c9 por isso que o aluguer de sistemas de compressores de ar \u00e9 uma op\u00e7\u00e3o inteligente para evitar saturar a economia da empresa com despesas desnecess\u00e1rias, porque o dinheiro, a produtividade, a procura e a manuten\u00e7\u00e3o do equipamento podem influenciar decis\u00f5es comerciais inteligentes.<\/p>\n<p class=\"p1\">Eis quatro raz\u00f5es pelas quais o aluguer de sistemas industriais de compress\u00e3o de ar \u00e9 uma decis\u00e3o que pode aumentar a rentabilidade da sua organiza\u00e7\u00e3o:<\/p>\n<ul class=\"ul1\">\n<li class=\"li1\"><b>Poupan\u00e7a nas despesas de capital da empresa.<\/b> A primeira raz\u00e3o para considerar o aluguer de sistemas de compressores de ar \u00e9 simplesmente uma quest\u00e3o de financiamento. Os compressores n\u00e3o saem exatamente de linha a um pre\u00e7o baixo. Isso significa que uma empresa precisaria de um or\u00e7amento de capital justo para colocar o equipamento em funcionamento. O aluguer tende a ser mais acess\u00edvel. Ao alugar um compressor de ar, as empresas podem pagar \u00e0 medida que avan\u00e7am. Isso pode abrir o or\u00e7amento operacional, permitindo-lhes acompanhar a produ\u00e7\u00e3o e o tempo de atividade. Do lado das despesas, isto tamb\u00e9m pode poupar na manuten\u00e7\u00e3o, uma vez que a maioria dos contratos de aluguer inclui servi\u00e7os de apoio para estes compressores de ar.<\/li>\n<li class=\"li1\"><b>Pode escolher o equipamento mais adequado ao seu processo.<\/b> Muitas vezes, quando herdam um compressor ou compram um novo, t\u00eam de se adaptar aos sistemas actuais. Por este motivo, o aluguer tamb\u00e9m pode ser uma op\u00e7\u00e3o conveniente. Como o compressor alugado \u00e9 muitas vezes um dispositivo tempor\u00e1rio, \u00e9 mais f\u00e1cil ser mais espec\u00edfico com as necessidades do sistema. Ajuste o compressor ao sistema da instala\u00e7\u00e3o e, se as coisas mudarem, alugue um diferente. Esta adaptabilidade tamb\u00e9m pode poupar custos e otimizar a produtividade de diferentes formas. Um compressor adaptado \u00e0s especifica\u00e7\u00f5es da empresa significa uma \u00f3ptima qualidade do ar comprimido, n\u00edveis de press\u00e3o precisos e menos desperd\u00edcio.<\/li>\n<li class=\"li1\"><b>Pode alugar o sistema de ar comprimido a pedido.<\/b> Por vezes, \u00e9 necess\u00e1rio alugar um compressor de ar para adicionar ao compressor atualmente em utiliza\u00e7\u00e3o. A procura sazonal pode ser uma grande vari\u00e1vel a considerar por uma empresa. Picos como estes requerem compressores adicionais que possam fornecer o ar comprimido extra necess\u00e1rio para acompanhar os per\u00edodos de encomendas sazonais. Para al\u00e9m da natureza sazonal do ciclo de vendas, tamb\u00e9m \u00e9 importante considerar as condi\u00e7\u00f5es climat\u00e9ricas sazonais. O desempenho de alguns compressores pode ser afetado pelas condi\u00e7\u00f5es naturais da sua localiza\u00e7\u00e3o. O apoio de um compressor adicional pode ajudar a manter a produtividade dentro do intervalo de otimiza\u00e7\u00e3o.<\/li>\n<li class=\"li1\"><b>Evita-se o tempo de inatividade.<\/b> Ocorrem falhas de equipamento, as paragens das instala\u00e7\u00f5es s\u00e3o imprevis\u00edveis, as renova\u00e7\u00f5es s\u00e3o uma necessidade e os compressores da empresa necessitam de manuten\u00e7\u00e3o. \u00c9 poss\u00edvel planear algumas destas coisas e outras n\u00e3o. Mas quando elas acontecem, faz mais sentido alugar um compressor para evitar a diminui\u00e7\u00e3o do tempo de atividade. Evitar o verdadeiro tempo de inatividade pode fazer toda a diferen\u00e7a para os resultados de uma empresa. Para reduzir o tempo de inatividade, tenha uma op\u00e7\u00e3o de aluguer imediatamente dispon\u00edvel e adaptada ao sistema atual. O planeamento de conting\u00eancia \u00e9 apenas uma quest\u00e3o de boas pr\u00e1ticas.<\/li>\n<\/ul>\n<p class=\"p1\">Para mais raz\u00f5es para alugar sistemas de compressores de ar industriais, convidamo-lo a ler sobre estas <a href=\"https:\/\/tecnologiaparalaindustria.com\/pt\/dicas-economicas-para-a-manutencao-de-compressores-de-ar\/\" target=\"_blank\" rel=\"noopener\"><span class=\"s1\"><b>dicas econ\u00f3micas para a manuten\u00e7\u00e3o de compressores de ar<\/b><\/span><\/a> e tamb\u00e9m para conhecer os <a href=\"https:\/\/tecnologiaparalaindustria.com\/pt\/10-piezas-de-recambio-para-compresores-de-aire-que-debes-tener-en-el-almacen\/\" target=\"_blank\" rel=\"noopener\"><span class=\"s1\"><b>10 pe\u00e7as sobresselentes para compressores de ar que deve ter em stock<\/b><\/span><\/a>.<\/p>\n<p class=\"p1\">Por fim, subscreva o <a href=\"https:\/\/koi-3QNFFA4OII.marketingautomation.services\/net\/m?md=1hu2UUuQ0QrwApavxq%2BKeXOntDiuzdVO\" target=\"_blank\" rel=\"noopener\"><span class=\"s1\"><b>a nossa Newsletter<\/b><\/span><\/a>uma newsletter que lhe fornece conte\u00fados t\u00e9cnicos sobre as melhores solu\u00e7\u00f5es tecnol\u00f3gicas para instala\u00e7\u00f5es industriais, centradas na automa\u00e7\u00e3o e na manuten\u00e7\u00e3o.<\/p>","protected":false},"excerpt":{"rendered":"<p>Alquilar sistemas de compresi\u00f3n de aire se\u00a0ha convertido en la alternativa ideal para los responsables de operaciones de plantas de procesos industriales. De hecho, existen muchos factores que han influido &hellip;<\/p>","protected":false},"author":2,"featured_media":26049,"comment_status":"open","ping_status":"open","sticky":false,"template":"","format":"standard","meta":{"_acf_changed":false,"_genesis_hide_title":false,"_genesis_hide_breadcrumbs":false,"_genesis_hide_singular_image":false,"_genesis_hide_footer_widgets":false,"_genesis_custom_body_class":"","_genesis_custom_post_class":"","_genesis_layout":"","footnotes":""},"categories":[496],"tags":[],"class_list":["type-post","category-equipos-industriales","CTA-newsletter","CTA-tpi","entry"],"yoast_head":"<!-- This site is optimized with the Yoast SEO plugin v27.3 - https:\/\/yoast.com\/product\/yoast-seo-wordpress\/ -->\n<title>4 razones para alquilar sistemas de compresi\u00f3n de aire industrial<\/title>\n<meta name=\"description\" content=\"Alquilar sistemas de compresi\u00f3n de aire se\u00a0ha convertido en la alternativa ideal para los responsables de operaciones de plantas de procesos industriales.\" \/>\n<meta name=\"robots\" content=\"index, follow, max-snippet:-1, max-image-preview:large, max-video-preview:-1\" \/>\n<link rel=\"canonical\" href=\"https:\/\/tecnologiaparalaindustria.com\/pt\/4-razones-para-alquilar-sistemas-de-compresion-de-aire-industrial\/\" \/>\n<meta property=\"og:locale\" content=\"pt_PT\" \/>\n<meta property=\"og:type\" content=\"article\" \/>\n<meta property=\"og:title\" content=\"4 razones para alquilar sistemas de compresi\u00f3n de aire industrial\" \/>\n<meta property=\"og:description\" content=\"Alquilar sistemas de compresi\u00f3n de aire se\u00a0ha convertido en la alternativa ideal para los responsables de operaciones de plantas de procesos industriales.\" \/>\n<meta property=\"og:url\" content=\"https:\/\/tecnologiaparalaindustria.com\/pt\/4-razones-para-alquilar-sistemas-de-compresion-de-aire-industrial\/\" \/>\n<meta property=\"og:site_name\" content=\"Tecnolog\u00eda para la Industria\" \/>\n<meta property=\"article:publisher\" content=\"https:\/\/www.facebook.com\/tecnologiaparalaindustria\" \/>\n<meta property=\"article:published_time\" content=\"2021-03-02T09:00:36+00:00\" \/>\n<meta property=\"article:modified_time\" content=\"2025-07-22T12:16:57+00:00\" \/>\n<meta property=\"og:image\" content=\"https:\/\/tecnologiaparalaindustria.com\/wp-content\/uploads\/2021\/03\/Alquilar-sistemas-de-compresio\u0301n-de-aire-industrial-jpg.webp\" \/>\n\t<meta property=\"og:image:width\" content=\"1200\" \/>\n\t<meta property=\"og:image:height\" content=\"628\" \/>\n\t<meta property=\"og:image:type\" content=\"image\/jpeg\" \/>\n<meta name=\"author\" content=\"REDACCI\u00d3N\" \/>\n<meta name=\"twitter:card\" content=\"summary_large_image\" \/>\n<meta name=\"twitter:label1\" content=\"Escrito por\" \/>\n\t<meta name=\"twitter:data1\" content=\"REDACCI\u00d3N\" \/>\n\t<meta name=\"twitter:label2\" content=\"Tempo estimado de leitura\" \/>\n\t<meta name=\"twitter:data2\" content=\"4 minutos\" \/>\n<script type=\"application\/ld+json\" class=\"yoast-schema-graph\">{\"@context\":\"https:\\\/\\\/schema.org\",\"@graph\":[{\"@type\":\"Article\",\"@id\":\"https:\\\/\\\/tecnologiaparalaindustria.com\\\/4-razones-para-alquilar-sistemas-de-compresion-de-aire-industrial\\\/#article\",\"isPartOf\":{\"@id\":\"https:\\\/\\\/tecnologiaparalaindustria.com\\\/4-razones-para-alquilar-sistemas-de-compresion-de-aire-industrial\\\/\"},\"author\":{\"name\":\"REDACCI\u00d3N\",\"@id\":\"https:\\\/\\\/tecnologiaparalaindustria.com\\\/#\\\/schema\\\/person\\\/d04140bd22bb08f9a61cd720e5fe5038\"},\"headline\":\"4 razones para alquilar sistemas de compresi\u00f3n de aire industrial\",\"datePublished\":\"2021-03-02T09:00:36+00:00\",\"dateModified\":\"2025-07-22T12:16:57+00:00\",\"mainEntityOfPage\":{\"@id\":\"https:\\\/\\\/tecnologiaparalaindustria.com\\\/4-razones-para-alquilar-sistemas-de-compresion-de-aire-industrial\\\/\"},\"wordCount\":719,\"commentCount\":0,\"publisher\":{\"@id\":\"https:\\\/\\\/tecnologiaparalaindustria.com\\\/#organization\"},\"image\":{\"@id\":\"https:\\\/\\\/tecnologiaparalaindustria.com\\\/4-razones-para-alquilar-sistemas-de-compresion-de-aire-industrial\\\/#primaryimage\"},\"thumbnailUrl\":\"https:\\\/\\\/tecnologiaparalaindustria.com\\\/wp-content\\\/uploads\\\/2021\\\/03\\\/Alquilar-sistemas-de-compresio\u0301n-de-aire-industrial-jpg.webp\",\"articleSection\":[\"Equipos Industriales\"],\"inLanguage\":\"pt-PT\",\"potentialAction\":[{\"@type\":\"CommentAction\",\"name\":\"Comment\",\"target\":[\"https:\\\/\\\/tecnologiaparalaindustria.com\\\/4-razones-para-alquilar-sistemas-de-compresion-de-aire-industrial\\\/#respond\"]}]},{\"@type\":\"WebPage\",\"@id\":\"https:\\\/\\\/tecnologiaparalaindustria.com\\\/4-razones-para-alquilar-sistemas-de-compresion-de-aire-industrial\\\/\",\"url\":\"https:\\\/\\\/tecnologiaparalaindustria.com\\\/4-razones-para-alquilar-sistemas-de-compresion-de-aire-industrial\\\/\",\"name\":\"4 razones para alquilar sistemas de compresi\u00f3n de aire industrial\",\"isPartOf\":{\"@id\":\"https:\\\/\\\/tecnologiaparalaindustria.com\\\/#website\"},\"primaryImageOfPage\":{\"@id\":\"https:\\\/\\\/tecnologiaparalaindustria.com\\\/4-razones-para-alquilar-sistemas-de-compresion-de-aire-industrial\\\/#primaryimage\"},\"image\":{\"@id\":\"https:\\\/\\\/tecnologiaparalaindustria.com\\\/4-razones-para-alquilar-sistemas-de-compresion-de-aire-industrial\\\/#primaryimage\"},\"thumbnailUrl\":\"https:\\\/\\\/tecnologiaparalaindustria.com\\\/wp-content\\\/uploads\\\/2021\\\/03\\\/Alquilar-sistemas-de-compresio\u0301n-de-aire-industrial-jpg.webp\",\"datePublished\":\"2021-03-02T09:00:36+00:00\",\"dateModified\":\"2025-07-22T12:16:57+00:00\",\"description\":\"Alquilar sistemas de compresi\u00f3n de aire se\u00a0ha convertido en la alternativa ideal para los responsables de operaciones de plantas de procesos industriales.\",\"breadcrumb\":{\"@id\":\"https:\\\/\\\/tecnologiaparalaindustria.com\\\/4-razones-para-alquilar-sistemas-de-compresion-de-aire-industrial\\\/#breadcrumb\"},\"inLanguage\":\"pt-PT\",\"potentialAction\":[{\"@type\":\"ReadAction\",\"target\":[\"https:\\\/\\\/tecnologiaparalaindustria.com\\\/4-razones-para-alquilar-sistemas-de-compresion-de-aire-industrial\\\/\"]}]},{\"@type\":\"ImageObject\",\"inLanguage\":\"pt-PT\",\"@id\":\"https:\\\/\\\/tecnologiaparalaindustria.com\\\/4-razones-para-alquilar-sistemas-de-compresion-de-aire-industrial\\\/#primaryimage\",\"url\":\"https:\\\/\\\/tecnologiaparalaindustria.com\\\/wp-content\\\/uploads\\\/2021\\\/03\\\/Alquilar-sistemas-de-compresio\u0301n-de-aire-industrial-jpg.webp\",\"contentUrl\":\"https:\\\/\\\/tecnologiaparalaindustria.com\\\/wp-content\\\/uploads\\\/2021\\\/03\\\/Alquilar-sistemas-de-compresio\u0301n-de-aire-industrial-jpg.webp\",\"width\":1200,\"height\":628,\"caption\":\"Alquilar sistemas de compresi\u00f3n de aire industrial\"},{\"@type\":\"BreadcrumbList\",\"@id\":\"https:\\\/\\\/tecnologiaparalaindustria.com\\\/4-razones-para-alquilar-sistemas-de-compresion-de-aire-industrial\\\/#breadcrumb\",\"itemListElement\":[{\"@type\":\"ListItem\",\"position\":1,\"name\":\"Home\",\"item\":\"https:\\\/\\\/tecnologiaparalaindustria.com\\\/\"},{\"@type\":\"ListItem\",\"position\":2,\"name\":\"4 razones para alquilar sistemas de compresi\u00f3n de aire industrial\"}]},{\"@type\":\"WebSite\",\"@id\":\"https:\\\/\\\/tecnologiaparalaindustria.com\\\/#website\",\"url\":\"https:\\\/\\\/tecnologiaparalaindustria.com\\\/\",\"name\":\"Tecnolog\u00eda para la Industria\",\"description\":\"Soluciones tecnol\u00f3gicas para plantas industriales\",\"publisher\":{\"@id\":\"https:\\\/\\\/tecnologiaparalaindustria.com\\\/#organization\"},\"potentialAction\":[{\"@type\":\"SearchAction\",\"target\":{\"@type\":\"EntryPoint\",\"urlTemplate\":\"https:\\\/\\\/tecnologiaparalaindustria.com\\\/?s={search_term_string}\"},\"query-input\":{\"@type\":\"PropertyValueSpecification\",\"valueRequired\":true,\"valueName\":\"search_term_string\"}}],\"inLanguage\":\"pt-PT\"},{\"@type\":\"Organization\",\"@id\":\"https:\\\/\\\/tecnologiaparalaindustria.com\\\/#organization\",\"name\":\"TPI - Tecnolog\u00eda para la Industria\",\"url\":\"https:\\\/\\\/tecnologiaparalaindustria.com\\\/\",\"logo\":{\"@type\":\"ImageObject\",\"inLanguage\":\"pt-PT\",\"@id\":\"https:\\\/\\\/tecnologiaparalaindustria.com\\\/#\\\/schema\\\/logo\\\/image\\\/\",\"url\":\"https:\\\/\\\/tecnologiaparalaindustria.com\\\/wp-content\\\/uploads\\\/2020\\\/08\\\/cropped-LOGO-FONDO-BLANCO.png\",\"contentUrl\":\"https:\\\/\\\/tecnologiaparalaindustria.com\\\/wp-content\\\/uploads\\\/2020\\\/08\\\/cropped-LOGO-FONDO-BLANCO.png\",\"width\":520,\"height\":289,\"caption\":\"TPI - Tecnolog\u00eda para la Industria\"},\"image\":{\"@id\":\"https:\\\/\\\/tecnologiaparalaindustria.com\\\/#\\\/schema\\\/logo\\\/image\\\/\"},\"sameAs\":[\"https:\\\/\\\/www.facebook.com\\\/tecnologiaparalaindustria\",\"https:\\\/\\\/www.instagram.com\\\/tecnologiaparalaindustria\\\/\"]},{\"@type\":\"Person\",\"@id\":\"https:\\\/\\\/tecnologiaparalaindustria.com\\\/#\\\/schema\\\/person\\\/d04140bd22bb08f9a61cd720e5fe5038\",\"name\":\"REDACCI\u00d3N\",\"image\":{\"@type\":\"ImageObject\",\"inLanguage\":\"pt-PT\",\"@id\":\"https:\\\/\\\/secure.gravatar.com\\\/avatar\\\/daafa31e3c3038855edc007ca2e41a7f1af1259b6b79b93359d6de82934c5943?s=96&d=mm&r=g\",\"url\":\"https:\\\/\\\/secure.gravatar.com\\\/avatar\\\/daafa31e3c3038855edc007ca2e41a7f1af1259b6b79b93359d6de82934c5943?s=96&d=mm&r=g\",\"contentUrl\":\"https:\\\/\\\/secure.gravatar.com\\\/avatar\\\/daafa31e3c3038855edc007ca2e41a7f1af1259b6b79b93359d6de82934c5943?s=96&d=mm&r=g\",\"caption\":\"REDACCI\u00d3N\"},\"sameAs\":[\"https:\\\/\\\/tecnologiaparalaindustria.com\\\/\"]}]}<\/script>\n<!-- \/ Yoast SEO plugin. -->","yoast_head_json":{"title":"4 raz\u00f5es para alugar sistemas de compressores de ar industriais","description":"Alquilar sistemas de compresi\u00f3n de aire se\u00a0ha convertido en la alternativa ideal para los responsables de operaciones de plantas de procesos industriales.","robots":{"index":"index","follow":"follow","max-snippet":"max-snippet:-1","max-image-preview":"max-image-preview:large","max-video-preview":"max-video-preview:-1"},"canonical":"https:\/\/tecnologiaparalaindustria.com\/pt\/4-razones-para-alquilar-sistemas-de-compresion-de-aire-industrial\/","og_locale":"pt_PT","og_type":"article","og_title":"4 razones para alquilar sistemas de compresi\u00f3n de aire industrial","og_description":"Alquilar sistemas de compresi\u00f3n de aire se\u00a0ha convertido en la alternativa ideal para los responsables de operaciones de plantas de procesos industriales.","og_url":"https:\/\/tecnologiaparalaindustria.com\/pt\/4-razones-para-alquilar-sistemas-de-compresion-de-aire-industrial\/","og_site_name":"Tecnolog\u00eda para la Industria","article_publisher":"https:\/\/www.facebook.com\/tecnologiaparalaindustria","article_published_time":"2021-03-02T09:00:36+00:00","article_modified_time":"2025-07-22T12:16:57+00:00","og_image":[{"width":1200,"height":628,"url":"https:\/\/tecnologiaparalaindustria.com\/wp-content\/uploads\/2021\/03\/Alquilar-sistemas-de-compresio\u0301n-de-aire-industrial-jpg.webp","type":"image\/jpeg"}],"author":"REDACCI\u00d3N","twitter_card":"summary_large_image","twitter_misc":{"Escrito por":"REDACCI\u00d3N","Tempo estimado de leitura":"4 minutos"},"schema":{"@context":"https:\/\/schema.org","@graph":[{"@type":"Article","@id":"https:\/\/tecnologiaparalaindustria.com\/4-razones-para-alquilar-sistemas-de-compresion-de-aire-industrial\/#article","isPartOf":{"@id":"https:\/\/tecnologiaparalaindustria.com\/4-razones-para-alquilar-sistemas-de-compresion-de-aire-industrial\/"},"author":{"name":"REDACCI\u00d3N","@id":"https:\/\/tecnologiaparalaindustria.com\/#\/schema\/person\/d04140bd22bb08f9a61cd720e5fe5038"},"headline":"4 razones para alquilar sistemas de compresi\u00f3n de aire industrial","datePublished":"2021-03-02T09:00:36+00:00","dateModified":"2025-07-22T12:16:57+00:00","mainEntityOfPage":{"@id":"https:\/\/tecnologiaparalaindustria.com\/4-razones-para-alquilar-sistemas-de-compresion-de-aire-industrial\/"},"wordCount":719,"commentCount":0,"publisher":{"@id":"https:\/\/tecnologiaparalaindustria.com\/#organization"},"image":{"@id":"https:\/\/tecnologiaparalaindustria.com\/4-razones-para-alquilar-sistemas-de-compresion-de-aire-industrial\/#primaryimage"},"thumbnailUrl":"https:\/\/tecnologiaparalaindustria.com\/wp-content\/uploads\/2021\/03\/Alquilar-sistemas-de-compresio\u0301n-de-aire-industrial-jpg.webp","articleSection":["Equipos Industriales"],"inLanguage":"pt-PT","potentialAction":[{"@type":"CommentAction","name":"Comment","target":["https:\/\/tecnologiaparalaindustria.com\/4-razones-para-alquilar-sistemas-de-compresion-de-aire-industrial\/#respond"]}]},{"@type":"WebPage","@id":"https:\/\/tecnologiaparalaindustria.com\/4-razones-para-alquilar-sistemas-de-compresion-de-aire-industrial\/","url":"https:\/\/tecnologiaparalaindustria.com\/4-razones-para-alquilar-sistemas-de-compresion-de-aire-industrial\/","name":"4 raz\u00f5es para alugar sistemas de compressores de ar industriais","isPartOf":{"@id":"https:\/\/tecnologiaparalaindustria.com\/#website"},"primaryImageOfPage":{"@id":"https:\/\/tecnologiaparalaindustria.com\/4-razones-para-alquilar-sistemas-de-compresion-de-aire-industrial\/#primaryimage"},"image":{"@id":"https:\/\/tecnologiaparalaindustria.com\/4-razones-para-alquilar-sistemas-de-compresion-de-aire-industrial\/#primaryimage"},"thumbnailUrl":"https:\/\/tecnologiaparalaindustria.com\/wp-content\/uploads\/2021\/03\/Alquilar-sistemas-de-compresio\u0301n-de-aire-industrial-jpg.webp","datePublished":"2021-03-02T09:00:36+00:00","dateModified":"2025-07-22T12:16:57+00:00","description":"Alquilar sistemas de compresi\u00f3n de aire se\u00a0ha convertido en la alternativa ideal para los responsables de operaciones de plantas de procesos industriales.","breadcrumb":{"@id":"https:\/\/tecnologiaparalaindustria.com\/4-razones-para-alquilar-sistemas-de-compresion-de-aire-industrial\/#breadcrumb"},"inLanguage":"pt-PT","potentialAction":[{"@type":"ReadAction","target":["https:\/\/tecnologiaparalaindustria.com\/4-razones-para-alquilar-sistemas-de-compresion-de-aire-industrial\/"]}]},{"@type":"ImageObject","inLanguage":"pt-PT","@id":"https:\/\/tecnologiaparalaindustria.com\/4-razones-para-alquilar-sistemas-de-compresion-de-aire-industrial\/#primaryimage","url":"https:\/\/tecnologiaparalaindustria.com\/wp-content\/uploads\/2021\/03\/Alquilar-sistemas-de-compresio\u0301n-de-aire-industrial-jpg.webp","contentUrl":"https:\/\/tecnologiaparalaindustria.com\/wp-content\/uploads\/2021\/03\/Alquilar-sistemas-de-compresio\u0301n-de-aire-industrial-jpg.webp","width":1200,"height":628,"caption":"Alquilar sistemas de compresi\u00f3n de aire industrial"},{"@type":"BreadcrumbList","@id":"https:\/\/tecnologiaparalaindustria.com\/4-razones-para-alquilar-sistemas-de-compresion-de-aire-industrial\/#breadcrumb","itemListElement":[{"@type":"ListItem","position":1,"name":"Home","item":"https:\/\/tecnologiaparalaindustria.com\/"},{"@type":"ListItem","position":2,"name":"4 razones para alquilar sistemas de compresi\u00f3n de aire industrial"}]},{"@type":"WebSite","@id":"https:\/\/tecnologiaparalaindustria.com\/#website","url":"https:\/\/tecnologiaparalaindustria.com\/","name":"Tecnologia para a ind\u00fastria","description":"Solu\u00e7\u00f5es tecnol\u00f3gicas para instala\u00e7\u00f5es industriais","publisher":{"@id":"https:\/\/tecnologiaparalaindustria.com\/#organization"},"potentialAction":[{"@type":"SearchAction","target":{"@type":"EntryPoint","urlTemplate":"https:\/\/tecnologiaparalaindustria.com\/?s={search_term_string}"},"query-input":{"@type":"PropertyValueSpecification","valueRequired":true,"valueName":"search_term_string"}}],"inLanguage":"pt-PT"},{"@type":"Organization","@id":"https:\/\/tecnologiaparalaindustria.com\/#organization","name":"TPI - Tecnologia para a Ind\u00fastria","url":"https:\/\/tecnologiaparalaindustria.com\/","logo":{"@type":"ImageObject","inLanguage":"pt-PT","@id":"https:\/\/tecnologiaparalaindustria.com\/#\/schema\/logo\/image\/","url":"https:\/\/tecnologiaparalaindustria.com\/wp-content\/uploads\/2020\/08\/cropped-LOGO-FONDO-BLANCO.png","contentUrl":"https:\/\/tecnologiaparalaindustria.com\/wp-content\/uploads\/2020\/08\/cropped-LOGO-FONDO-BLANCO.png","width":520,"height":289,"caption":"TPI - Tecnolog\u00eda para la Industria"},"image":{"@id":"https:\/\/tecnologiaparalaindustria.com\/#\/schema\/logo\/image\/"},"sameAs":["https:\/\/www.facebook.com\/tecnologiaparalaindustria","https:\/\/www.instagram.com\/tecnologiaparalaindustria\/"]},{"@type":"Person","@id":"https:\/\/tecnologiaparalaindustria.com\/#\/schema\/person\/d04140bd22bb08f9a61cd720e5fe5038","name":"EDITORIAL","image":{"@type":"ImageObject","inLanguage":"pt-PT","@id":"https:\/\/secure.gravatar.com\/avatar\/daafa31e3c3038855edc007ca2e41a7f1af1259b6b79b93359d6de82934c5943?s=96&d=mm&r=g","url":"https:\/\/secure.gravatar.com\/avatar\/daafa31e3c3038855edc007ca2e41a7f1af1259b6b79b93359d6de82934c5943?s=96&d=mm&r=g","contentUrl":"https:\/\/secure.gravatar.com\/avatar\/daafa31e3c3038855edc007ca2e41a7f1af1259b6b79b93359d6de82934c5943?s=96&d=mm&r=g","caption":"REDACCI\u00d3N"},"sameAs":["https:\/\/tecnologiaparalaindustria.com\/"]}]}},"featured_image_src":"https:\/\/tecnologiaparalaindustria.com\/wp-content\/uploads\/2021\/03\/Alquilar-sistemas-de-compresio\u0301n-de-aire-industrial-600x400.webp","featured_image_src_square":"https:\/\/tecnologiaparalaindustria.com\/wp-content\/uploads\/2021\/03\/Alquilar-sistemas-de-compresio\u0301n-de-aire-industrial-600x600.webp","author_info":{"display_name":"REDACCI\u00d3N","author_link":"https:\/\/tecnologiaparalaindustria.com\/pt\/author\/tecnologiavao\/"},"acf":[],"_links":{"self":[{"href":"https:\/\/tecnologiaparalaindustria.com\/pt\/wp-json\/wp\/v2\/posts\/26048","targetHints":{"allow":["GET"]}}],"collection":[{"href":"https:\/\/tecnologiaparalaindustria.com\/pt\/wp-json\/wp\/v2\/posts"}],"about":[{"href":"https:\/\/tecnologiaparalaindustria.com\/pt\/wp-json\/wp\/v2\/types\/post"}],"author":[{"embeddable":true,"href":"https:\/\/tecnologiaparalaindustria.com\/pt\/wp-json\/wp\/v2\/users\/2"}],"replies":[{"embeddable":true,"href":"https:\/\/tecnologiaparalaindustria.com\/pt\/wp-json\/wp\/v2\/comments?post=26048"}],"version-history":[{"count":0,"href":"https:\/\/tecnologiaparalaindustria.com\/pt\/wp-json\/wp\/v2\/posts\/26048\/revisions"}],"wp:featuredmedia":[{"embeddable":true,"href":"https:\/\/tecnologiaparalaindustria.com\/pt\/wp-json\/wp\/v2\/media\/26049"}],"wp:attachment":[{"href":"https:\/\/tecnologiaparalaindustria.com\/pt\/wp-json\/wp\/v2\/media?parent=26048"}],"wp:term":[{"taxonomy":"category","embeddable":true,"href":"https:\/\/tecnologiaparalaindustria.com\/pt\/wp-json\/wp\/v2\/categories?post=26048"},{"taxonomy":"post_tag","embeddable":true,"href":"https:\/\/tecnologiaparalaindustria.com\/pt\/wp-json\/wp\/v2\/tags?post=26048"}],"curies":[{"name":"wp","href":"https:\/\/api.w.org\/{rel}","templated":true}]}}