{"id":27070,"date":"2022-08-08T09:00:45","date_gmt":"2022-08-08T09:00:45","guid":{"rendered":"https:\/\/tecnologiaparalaindustria.com\/?p=27070"},"modified":"2025-07-22T12:16:22","modified_gmt":"2025-07-22T12:16:22","slug":"cual-es-la-temperatura-optima-para-compresores-de-aire","status":"publish","type":"post","link":"https:\/\/tecnologiaparalaindustria.com\/pt\/cual-es-la-temperatura-optima-para-compresores-de-aire\/","title":{"rendered":"Qual \u00e9 a temperatura ideal para os compressores de ar?"},"content":{"rendered":"<div id=\"ez-toc-container\" class=\"ez-toc-v2_0_82_2 counter-hierarchy ez-toc-counter ez-toc-grey ez-toc-container-direction\">\n<div class=\"ez-toc-title-container\">\n<p class=\"ez-toc-title\" style=\"cursor:inherit\">\u00cdndice<\/p>\n<span class=\"ez-toc-title-toggle\"><a href=\"#\" class=\"ez-toc-pull-right ez-toc-btn ez-toc-btn-xs ez-toc-btn-default ez-toc-toggle\" aria-label=\"Alternar \u00cdndice\"><span class=\"ez-toc-js-icon-con\"><span class=\"\"><span class=\"eztoc-hide\" style=\"display:none;\">Alternar<\/span><span class=\"ez-toc-icon-toggle-span\"><svg style=\"fill: #999;color:#999\" xmlns=\"http:\/\/www.w3.org\/2000\/svg\" class=\"list-377408\" width=\"20px\" height=\"20px\" viewbox=\"0 0 24 24\" fill=\"none\"><path d=\"M6 6H4v2h2V6zm14 0H8v2h12V6zM4 11h2v2H4v-2zm16 0H8v2h12v-2zM4 16h2v2H4v-2zm16 0H8v2h12v-2z\" fill=\"currentColor\"><\/path><\/svg><svg style=\"fill: #999;color:#999\" class=\"arrow-unsorted-368013\" xmlns=\"http:\/\/www.w3.org\/2000\/svg\" width=\"10px\" height=\"10px\" viewbox=\"0 0 24 24\" version=\"1.2\" baseprofile=\"tiny\"><path d=\"M18.2 9.3l-6.2-6.3-6.2 6.3c-.2.2-.3.4-.3.7s.1.5.3.7c.2.2.4.3.7.3h11c.3 0 .5-.1.7-.3.2-.2.3-.5.3-.7s-.1-.5-.3-.7zM5.8 14.7l6.2 6.3 6.2-6.3c.2-.2.3-.5.3-.7s-.1-.5-.3-.7c-.2-.2-.4-.3-.7-.3h-11c-.3 0-.5.1-.7.3-.2.2-.3.5-.3.7s.1.5.3.7z\"\/><\/svg><\/span><\/span><\/span><\/a><\/span><\/div>\n<nav><ul class='ez-toc-list ez-toc-list-level-1' ><li class='ez-toc-page-1 ez-toc-heading-level-3'><a class=\"ez-toc-link ez-toc-heading-1\" href=\"https:\/\/tecnologiaparalaindustria.com\/pt\/cual-es-la-temperatura-optima-para-compresores-de-aire\/#%C2%BFComo_afecta_la_temperatura_a_los_equipos_de_aire_comprimido\" >Como \u00e9 que a temperatura afecta o equipamento de ar comprimido?<\/a><\/li><li class='ez-toc-page-1 ez-toc-heading-level-3'><a class=\"ez-toc-link ez-toc-heading-2\" href=\"https:\/\/tecnologiaparalaindustria.com\/pt\/cual-es-la-temperatura-optima-para-compresores-de-aire\/#%C2%BFCual_es_la_temperatura_ideal_para_los_equipos_de_aire_comprimido\" >Qual \u00e9 a temperatura ideal para o equipamento de ar comprimido?<\/a><\/li><li class='ez-toc-page-1 ez-toc-heading-level-3'><a class=\"ez-toc-link ez-toc-heading-3\" href=\"https:\/\/tecnologiaparalaindustria.com\/pt\/cual-es-la-temperatura-optima-para-compresores-de-aire\/#Consejos_para_el_funcionamiento_de_los_equipos_de_aire_comprimido_en_temperaturas_calidas_y_frias\" >Conselhos para o funcionamento do equipamento de ar comprimido a temperaturas quentes e frias<\/a><\/li><\/ul><\/nav><\/div>\n<p dir=\"ltr\">O equipamento de ar comprimido \u00e9 uma parte fundamental das opera\u00e7\u00f5es comerciais de qualquer empresa, uma vez que \u00e9 necess\u00e1rio para criar produtos e satisfazer as exig\u00eancias dos clientes. Por esta raz\u00e3o, o <a href=\"https:\/\/tecnologiaparalaindustria.com\/pt\/mantenimiento-de-compresores-de-aire-industriales-que-debe-inspeccionar\/\" target=\"_blank\" rel=\"noopener\" data-saferedirecturl=\"https:\/\/www.google.com\/url?q=https:\/\/tecnologiaparalaindustria.com\/mantenimiento-de-compresores-de-aire-industriales-que-debe-inspeccionar\/&amp;source=gmail&amp;ust=1659766092965000&amp;usg=AOvVaw3hL2pKWicAYWaEDNkxtlrm\">manuten\u00e7\u00e3o de equipamentos de ar comprimido<\/a> \u00e9 imprescind\u00edvel. Com os devidos cuidados, este equipamento durar\u00e1 muitos anos, funcionando de forma eficiente e fi\u00e1vel.<\/p>\n<p dir=\"ltr\">Um dos principais aspectos dos cuidados com o equipamento \u00e9 manter a temperatura ideal para os compressores de ar. As flutua\u00e7\u00f5es de temperatura podem afetar o desempenho do compressor. A seguir, discutiremos em pormenor como manter uma temperatura ideal para os compressores de ar.<\/p>\n<p>&nbsp;<\/p>\n<h3 dir=\"ltr\"><span class=\"ez-toc-section\" id=\"%C2%BFComo_afecta_la_temperatura_a_los_equipos_de_aire_comprimido\"><\/span>Como \u00e9 que a temperatura afecta o equipamento de ar comprimido?<span class=\"ez-toc-section-end\"><\/span><\/h3>\n<p dir=\"ltr\">Os compressores de ar est\u00e3o em contacto permanente com o seu ambiente imediato e as condi\u00e7\u00f5es deste ambiente influenciam o seu funcionamento, em particular a temperatura ambiente de uma \u00e1rea.<\/p>\n<p dir=\"ltr\">O equipamento de ar comprimido exterior pode sofrer altera\u00e7\u00f5es extremas de temperatura. Mas os compressores de ar interiores tamb\u00e9m podem estar sujeitos a v\u00e1rias temperaturas se estiverem em salas de armazenamento n\u00e3o isoladas ou em \u00e1reas sem qualquer controlo clim\u00e1tico. O objetivo deve ser limitar as mudan\u00e7as extremas de temperatura no ambiente e, assim, manter uma temperatura \u00f3ptima para os compressores de ar. Isto pode preservar a vida \u00fatil e a funcionalidade da m\u00e1quina. As mudan\u00e7as extremas de temperatura podem levar a repara\u00e7\u00f5es e avarias dispendiosas.<\/p>\n<p dir=\"ltr\">\u00c9 necess\u00e1rio evitar que o compressor de ar fique demasiado quente. As temperaturas ambiente elevadas afectam o equipamento de ar comprimido, provocando a sua deteriora\u00e7\u00e3o:<\/p>\n<ul>\n<li dir=\"ltr\">\n<p dir=\"ltr\" role=\"presentation\">Sobreaquecimento.<\/p>\n<\/li>\n<li dir=\"ltr\">\n<p dir=\"ltr\" role=\"presentation\">Desligar-se a si pr\u00f3prio.<\/p>\n<\/li>\n<li dir=\"ltr\">\n<p dir=\"ltr\" role=\"presentation\">O disjuntor est\u00e1 ativado.<\/p>\n<\/li>\n<li dir=\"ltr\">\n<p dir=\"ltr\" role=\"presentation\">Necessita de mais tempo para assumir a pot\u00eancia total de funcionamento.<\/p>\n<\/li>\n<li dir=\"ltr\">\n<p dir=\"ltr\" role=\"presentation\">Requer mais descanso entre os ciclos.<\/p>\n<\/li>\n<li dir=\"ltr\">\n<p dir=\"ltr\" role=\"presentation\">Emitem um cheiro a \u00f3leo queimado.<\/p>\n<\/li>\n<li dir=\"ltr\">\n<p dir=\"ltr\" role=\"presentation\">Desenvolver problemas e avarias comuns.<\/p>\n<\/li>\n<\/ul>\n<p dir=\"ltr\">As temperaturas extremamente frias s\u00e3o igualmente destrutivas e podem causar as seguintes condi\u00e7\u00f5es:<\/p>\n<ul>\n<li dir=\"ltr\">\n<p dir=\"ltr\" role=\"presentation\">Congelamento do condensado no interior do compressor de ar<\/p>\n<\/li>\n<li dir=\"ltr\">\n<p dir=\"ltr\" role=\"presentation\">\u00d3leo de compressor de ar espesso e lubrifica\u00e7\u00e3o inadequada dos componentes<\/p>\n<\/li>\n<li dir=\"ltr\">\n<p dir=\"ltr\" role=\"presentation\">Aumento do desgaste<\/p>\n<\/li>\n<li dir=\"ltr\">\n<p dir=\"ltr\" role=\"presentation\">Componentes do sistema com fissuras<\/p>\n<\/li>\n<li dir=\"ltr\">\n<p dir=\"ltr\" role=\"presentation\">Obstru\u00e7\u00e3o do fluxo de ar e de \u00e1gua no interior do compressor<\/p>\n<\/li>\n<li dir=\"ltr\">\n<p dir=\"ltr\" role=\"presentation\">Gelo nas linhas de controlo<\/p>\n<\/li>\n<li dir=\"ltr\">\n<p dir=\"ltr\" role=\"presentation\">Sobrepressuriza\u00e7\u00e3o ou subpressuriza\u00e7\u00e3o<\/p>\n<\/li>\n<\/ul>\n<p class=\"alert alert-warning\" dir=\"ltr\">As altera\u00e7\u00f5es de temperatura podem ser prejudiciais para o sistema de ar comprimido. Obter o equil\u00edbrio certo entre arrefecimento e aquecimento \u00e9 a chave para garantir que o equipamento de ar comprimido \u00e9 mantido em condi\u00e7\u00f5es \u00f3ptimas.<\/p>\n<p>&nbsp;<\/p>\n<h3 dir=\"ltr\"><span class=\"ez-toc-section\" id=\"%C2%BFCual_es_la_temperatura_ideal_para_los_equipos_de_aire_comprimido\"><\/span>Qual \u00e9 a temperatura ideal para o equipamento de ar comprimido?<span class=\"ez-toc-section-end\"><\/span><\/h3>\n<p dir=\"ltr\">A temperatura ideal para os compressores de ar deve ser encontrada para evitar o congelamento ou o sobreaquecimento do sistema.<\/p>\n<p dir=\"ltr\">A melhor faixa de temperatura para atender a esses requisitos \u00e9 considerada entre 10-30\u00baC. Mas quando se trata de cuidar de compressores de ar, \u00e9 melhor reduzir a gama de temperaturas pelas seguintes raz\u00f5es:<\/p>\n<ul>\n<li dir=\"ltr\">\n<p dir=\"ltr\" role=\"presentation\">As m\u00e1quinas produzem calor como um subproduto natural das suas opera\u00e7\u00f5es. Este calor pode aumentar a temperatura ambiente da sala de armazenamento do compressor de ar, pelo que o limite superior de 30\u00b0C \u00e9 um objetivo seguro para o calor produzido pelo compressor. \u00c9 poss\u00edvel reduzir o calor gerado pelo compressor com um sistema de ventila\u00e7\u00e3o adequado. Basta direcionar o ar quente do compressor para o exterior do edif\u00edcio, utilizando a dist\u00e2ncia mais curta poss\u00edvel de condutas. Em alternativa, pode optar por enviar o ar quente para outra parte do edif\u00edcio para reutiliza\u00e7\u00e3o. Certifique-se de que mant\u00e9m a entrada de ar do compressor a uma dist\u00e2ncia segura para evitar que o ar quente volte a entrar no sistema.<\/p>\n<\/li>\n<li dir=\"ltr\">\n<p dir=\"ltr\" role=\"presentation\">H\u00e1 menos humidade no ar a temperaturas mais baixas. Quando se trata de equipamento de ar comprimido, a humidade \u00e9 algo que deve ser evitado a todo o custo. No entanto, um n\u00edvel demasiado baixo tamb\u00e9m \u00e9 prejudicial porque a \u00e1gua pode condensar-se no compressor de ar se a temperatura ambiente for demasiado fria. Esta \u00e1gua pode congelar e expandir-se se a temperatura ambiente for demasiado baixa, danificando o compressor de ar a partir do interior. As temperaturas quentes podem aumentar a humidade e provocar o sobreaquecimento do compressor. As temperaturas frias s\u00e3o menos h\u00famidas, mas podem causar danos devido ao congelamento da condensa\u00e7\u00e3o.<\/p>\n<\/li>\n<\/ul>\n<p>&nbsp;<\/p>\n<h3 dir=\"ltr\"><span class=\"ez-toc-section\" id=\"Consejos_para_el_funcionamiento_de_los_equipos_de_aire_comprimido_en_temperaturas_calidas_y_frias\"><\/span>Conselhos para o funcionamento do equipamento de ar comprimido a temperaturas quentes e frias<span class=\"ez-toc-section-end\"><\/span><\/h3>\n<p dir=\"ltr\">Os equipamentos podem ser protegidos mantendo a temperatura ideal para os compressores de ar. Seguem-se algumas dicas para o funcionamento do equipamento de ar comprimido em temperaturas frias:<\/p>\n<ul>\n<li dir=\"ltr\">\n<p dir=\"ltr\" role=\"presentation\">Manter a temperatura acima de 30\u00b0C: Se puder controlar o clima na sua \u00e1rea, fa\u00e7a tudo o que for poss\u00edvel para evitar que des\u00e7a demasiado. \u00c9 aconselh\u00e1vel isolar a divis\u00e3o, instalar aquecedores e vedar quaisquer fissuras ou aberturas nas paredes.<\/p>\n<\/li>\n<li dir=\"ltr\">\n<p dir=\"ltr\" role=\"presentation\">Proteger o compressor do frio: Pode ser instalado um sistema de aquecimento \u00e0 volta dos tubos, pode ser adicionado um aquecedor interno e pode ser aplicado isolamento para manter o interior do compressor seguro.<\/p>\n<\/li>\n<li dir=\"ltr\">\n<p dir=\"ltr\" role=\"presentation\">Realiza\u00e7\u00e3o de um <a href=\"https:\/\/tecnologiaparalaindustria.com\/pt\/lista-de-controlo-para-a-manutencao-preventiva-correta-dos-compressores-de-ar\/\" target=\"_blank\" rel=\"noopener\" data-saferedirecturl=\"https:\/\/www.google.com\/url?q=https:\/\/tecnologiaparalaindustria.com\/checklist-para-el-correcto-mantenimiento-preventivo-en-compresores-de-aire\/&amp;source=gmail&amp;ust=1659766092965000&amp;usg=AOvVaw00vlySaFKg98aNwfA6us4S\">manuten\u00e7\u00e3o preventiva de compressores de ar<\/a>O compressor pode necessitar de manuten\u00e7\u00e3o adicional em temperaturas mais frias. Os componentes devem ser verificados diariamente para detetar gelo ou humidade. E se o compressor trabalhar mais em temperaturas frias, verifique o \u00f3leo para se certificar de que est\u00e1 num n\u00edvel saud\u00e1vel.<\/p>\n<\/li>\n<\/ul>\n<p dir=\"ltr\">Aqui est\u00e3o algumas formas de cuidar do seu compressor de ar em temperaturas quentes:<\/p>\n<ul>\n<li dir=\"ltr\">\n<p dir=\"ltr\" role=\"presentation\">Manter a temperatura abaixo dos 30\u00b0C: Isto pode ser dif\u00edcil no ver\u00e3o, quando o compressor de ar est\u00e1 a bombear ar quente. O ar condicionado ajuda, mas tamb\u00e9m \u00e9 poss\u00edvel instalar ventoinhas e ventilar o ar quente do compressor para outro local.<\/p>\n<\/li>\n<li dir=\"ltr\">\n<p dir=\"ltr\" role=\"presentation\">Verificar os n\u00edveis de \u00f3leo: O compressor pode queimar \u00f3leo a altas temperaturas. Deve ser mantido um n\u00edvel saud\u00e1vel e os n\u00edveis de \u00f3leo devem ser verificados regularmente.<\/p>\n<\/li>\n<li dir=\"ltr\">\n<p dir=\"ltr\" role=\"presentation\">Inspecionar os filtros de ar: Verificar se n\u00e3o existem bloqueios no sistema.<\/p>\n<\/li>\n<li dir=\"ltr\">\n<p dir=\"ltr\" role=\"presentation\">Manter o compressor de ar limpo.<\/p>\n<\/li>\n<\/ul>\n<p dir=\"ltr\">O equipamento de ar comprimido \u00e9 uma das pe\u00e7as de equipamento mais importantes e dispendiosas de qualquer empresa. Por este motivo, devem ser envidados todos os esfor\u00e7os para garantir o seu funcionamento correto e eficiente. \u00c9 essencial garantir que o local de armazenamento do ar comprimido est\u00e1 \u00e0 temperatura correta. Manter a temperatura ideal para os compressores de ar garante que o equipamento ter\u00e1 um melhor desempenho e durar\u00e1 mais tempo.<\/p>\n<p dir=\"ltr\">","protected":false},"excerpt":{"rendered":"<p>El equipo de aire comprimido es una parte fundamental de las operaciones comerciales de cualquier empresa ya que es necesario para crear productos y satisfacer las demandas de los clientes. &hellip;<\/p>","protected":false},"author":2,"featured_media":27071,"comment_status":"open","ping_status":"open","sticky":false,"template":"","format":"standard","meta":{"_acf_changed":false,"_genesis_hide_title":false,"_genesis_hide_breadcrumbs":false,"_genesis_hide_singular_image":false,"_genesis_hide_footer_widgets":false,"_genesis_custom_body_class":"","_genesis_custom_post_class":"","_genesis_layout":"","footnotes":""},"categories":[496],"tags":[],"class_list":["type-post","category-equipos-industriales","CTA-ebook-responsable-mantenimiento-aire-comprimido","CTA-tpi","entry"],"yoast_head":"<!-- This site is optimized with the Yoast SEO plugin v27.3 - https:\/\/yoast.com\/product\/yoast-seo-wordpress\/ -->\n<title>\u00bfCu\u00e1l es la temperatura ideal para compresores de aire?<\/title>\n<meta name=\"description\" content=\"Cu\u00e1l es la temperatura \u00f3ptima para compresores de aire, c\u00f3mo afecta a los equipos y consejos para mejorar el funcionamiento en temperaturas c\u00e1lidas y fr\u00edas\" \/>\n<meta name=\"robots\" content=\"index, follow, max-snippet:-1, max-image-preview:large, max-video-preview:-1\" \/>\n<link rel=\"canonical\" href=\"https:\/\/tecnologiaparalaindustria.com\/pt\/cual-es-la-temperatura-optima-para-compresores-de-aire\/\" \/>\n<meta property=\"og:locale\" content=\"pt_PT\" \/>\n<meta property=\"og:type\" content=\"article\" \/>\n<meta property=\"og:title\" content=\"\u00bfCu\u00e1l es la temperatura ideal para compresores de aire?\" \/>\n<meta property=\"og:description\" content=\"Cu\u00e1l es la temperatura \u00f3ptima para compresores de aire, c\u00f3mo afecta a los equipos y consejos para mejorar el funcionamiento en temperaturas c\u00e1lidas y fr\u00edas\" \/>\n<meta property=\"og:url\" content=\"https:\/\/tecnologiaparalaindustria.com\/pt\/cual-es-la-temperatura-optima-para-compresores-de-aire\/\" \/>\n<meta property=\"og:site_name\" content=\"Tecnolog\u00eda para la Industria\" \/>\n<meta property=\"article:publisher\" content=\"https:\/\/www.facebook.com\/tecnologiaparalaindustria\" \/>\n<meta property=\"article:published_time\" content=\"2022-08-08T09:00:45+00:00\" \/>\n<meta property=\"article:modified_time\" content=\"2025-07-22T12:16:22+00:00\" \/>\n<meta property=\"og:image\" content=\"https:\/\/tecnologiaparalaindustria.com\/wp-content\/uploads\/2022\/08\/Temperatura-ideal-para-compresores-de-aire-jpg.webp\" \/>\n\t<meta property=\"og:image:width\" content=\"1200\" \/>\n\t<meta property=\"og:image:height\" content=\"628\" \/>\n\t<meta property=\"og:image:type\" content=\"image\/jpeg\" \/>\n<meta name=\"author\" content=\"REDACCI\u00d3N\" \/>\n<meta name=\"twitter:card\" content=\"summary_large_image\" \/>\n<meta name=\"twitter:label1\" content=\"Escrito por\" \/>\n\t<meta name=\"twitter:data1\" content=\"REDACCI\u00d3N\" \/>\n\t<meta name=\"twitter:label2\" content=\"Tempo estimado de leitura\" \/>\n\t<meta name=\"twitter:data2\" content=\"5 minutos\" \/>\n<script type=\"application\/ld+json\" class=\"yoast-schema-graph\">{\"@context\":\"https:\\\/\\\/schema.org\",\"@graph\":[{\"@type\":\"Article\",\"@id\":\"https:\\\/\\\/tecnologiaparalaindustria.com\\\/cual-es-la-temperatura-optima-para-compresores-de-aire\\\/#article\",\"isPartOf\":{\"@id\":\"https:\\\/\\\/tecnologiaparalaindustria.com\\\/cual-es-la-temperatura-optima-para-compresores-de-aire\\\/\"},\"author\":{\"name\":\"REDACCI\u00d3N\",\"@id\":\"https:\\\/\\\/tecnologiaparalaindustria.com\\\/#\\\/schema\\\/person\\\/d04140bd22bb08f9a61cd720e5fe5038\"},\"headline\":\"\u00bfCu\u00e1l es la temperatura \u00f3ptima para compresores de aire?\",\"datePublished\":\"2022-08-08T09:00:45+00:00\",\"dateModified\":\"2025-07-22T12:16:22+00:00\",\"mainEntityOfPage\":{\"@id\":\"https:\\\/\\\/tecnologiaparalaindustria.com\\\/cual-es-la-temperatura-optima-para-compresores-de-aire\\\/\"},\"wordCount\":1106,\"commentCount\":0,\"publisher\":{\"@id\":\"https:\\\/\\\/tecnologiaparalaindustria.com\\\/#organization\"},\"image\":{\"@id\":\"https:\\\/\\\/tecnologiaparalaindustria.com\\\/cual-es-la-temperatura-optima-para-compresores-de-aire\\\/#primaryimage\"},\"thumbnailUrl\":\"https:\\\/\\\/tecnologiaparalaindustria.com\\\/wp-content\\\/uploads\\\/2022\\\/08\\\/Temperatura-ideal-para-compresores-de-aire-jpg.webp\",\"articleSection\":[\"Equipos Industriales\"],\"inLanguage\":\"pt-PT\",\"potentialAction\":[{\"@type\":\"CommentAction\",\"name\":\"Comment\",\"target\":[\"https:\\\/\\\/tecnologiaparalaindustria.com\\\/cual-es-la-temperatura-optima-para-compresores-de-aire\\\/#respond\"]}]},{\"@type\":\"WebPage\",\"@id\":\"https:\\\/\\\/tecnologiaparalaindustria.com\\\/cual-es-la-temperatura-optima-para-compresores-de-aire\\\/\",\"url\":\"https:\\\/\\\/tecnologiaparalaindustria.com\\\/cual-es-la-temperatura-optima-para-compresores-de-aire\\\/\",\"name\":\"\u00bfCu\u00e1l es la temperatura ideal para compresores de aire?\",\"isPartOf\":{\"@id\":\"https:\\\/\\\/tecnologiaparalaindustria.com\\\/#website\"},\"primaryImageOfPage\":{\"@id\":\"https:\\\/\\\/tecnologiaparalaindustria.com\\\/cual-es-la-temperatura-optima-para-compresores-de-aire\\\/#primaryimage\"},\"image\":{\"@id\":\"https:\\\/\\\/tecnologiaparalaindustria.com\\\/cual-es-la-temperatura-optima-para-compresores-de-aire\\\/#primaryimage\"},\"thumbnailUrl\":\"https:\\\/\\\/tecnologiaparalaindustria.com\\\/wp-content\\\/uploads\\\/2022\\\/08\\\/Temperatura-ideal-para-compresores-de-aire-jpg.webp\",\"datePublished\":\"2022-08-08T09:00:45+00:00\",\"dateModified\":\"2025-07-22T12:16:22+00:00\",\"description\":\"Cu\u00e1l es la temperatura \u00f3ptima para compresores de aire, c\u00f3mo afecta a los equipos y consejos para mejorar el funcionamiento en temperaturas c\u00e1lidas y fr\u00edas\",\"breadcrumb\":{\"@id\":\"https:\\\/\\\/tecnologiaparalaindustria.com\\\/cual-es-la-temperatura-optima-para-compresores-de-aire\\\/#breadcrumb\"},\"inLanguage\":\"pt-PT\",\"potentialAction\":[{\"@type\":\"ReadAction\",\"target\":[\"https:\\\/\\\/tecnologiaparalaindustria.com\\\/cual-es-la-temperatura-optima-para-compresores-de-aire\\\/\"]}]},{\"@type\":\"ImageObject\",\"inLanguage\":\"pt-PT\",\"@id\":\"https:\\\/\\\/tecnologiaparalaindustria.com\\\/cual-es-la-temperatura-optima-para-compresores-de-aire\\\/#primaryimage\",\"url\":\"https:\\\/\\\/tecnologiaparalaindustria.com\\\/wp-content\\\/uploads\\\/2022\\\/08\\\/Temperatura-ideal-para-compresores-de-aire-jpg.webp\",\"contentUrl\":\"https:\\\/\\\/tecnologiaparalaindustria.com\\\/wp-content\\\/uploads\\\/2022\\\/08\\\/Temperatura-ideal-para-compresores-de-aire-jpg.webp\",\"width\":1200,\"height\":628,\"caption\":\"Temperatura ideal para compresores de aire\"},{\"@type\":\"BreadcrumbList\",\"@id\":\"https:\\\/\\\/tecnologiaparalaindustria.com\\\/cual-es-la-temperatura-optima-para-compresores-de-aire\\\/#breadcrumb\",\"itemListElement\":[{\"@type\":\"ListItem\",\"position\":1,\"name\":\"Home\",\"item\":\"https:\\\/\\\/tecnologiaparalaindustria.com\\\/\"},{\"@type\":\"ListItem\",\"position\":2,\"name\":\"\u00bfCu\u00e1l es la temperatura \u00f3ptima para compresores de aire?\"}]},{\"@type\":\"WebSite\",\"@id\":\"https:\\\/\\\/tecnologiaparalaindustria.com\\\/#website\",\"url\":\"https:\\\/\\\/tecnologiaparalaindustria.com\\\/\",\"name\":\"Tecnolog\u00eda para la Industria\",\"description\":\"Soluciones tecnol\u00f3gicas para plantas industriales\",\"publisher\":{\"@id\":\"https:\\\/\\\/tecnologiaparalaindustria.com\\\/#organization\"},\"potentialAction\":[{\"@type\":\"SearchAction\",\"target\":{\"@type\":\"EntryPoint\",\"urlTemplate\":\"https:\\\/\\\/tecnologiaparalaindustria.com\\\/?s={search_term_string}\"},\"query-input\":{\"@type\":\"PropertyValueSpecification\",\"valueRequired\":true,\"valueName\":\"search_term_string\"}}],\"inLanguage\":\"pt-PT\"},{\"@type\":\"Organization\",\"@id\":\"https:\\\/\\\/tecnologiaparalaindustria.com\\\/#organization\",\"name\":\"TPI - Tecnolog\u00eda para la Industria\",\"url\":\"https:\\\/\\\/tecnologiaparalaindustria.com\\\/\",\"logo\":{\"@type\":\"ImageObject\",\"inLanguage\":\"pt-PT\",\"@id\":\"https:\\\/\\\/tecnologiaparalaindustria.com\\\/#\\\/schema\\\/logo\\\/image\\\/\",\"url\":\"https:\\\/\\\/tecnologiaparalaindustria.com\\\/wp-content\\\/uploads\\\/2020\\\/08\\\/cropped-LOGO-FONDO-BLANCO.png\",\"contentUrl\":\"https:\\\/\\\/tecnologiaparalaindustria.com\\\/wp-content\\\/uploads\\\/2020\\\/08\\\/cropped-LOGO-FONDO-BLANCO.png\",\"width\":520,\"height\":289,\"caption\":\"TPI - Tecnolog\u00eda para la Industria\"},\"image\":{\"@id\":\"https:\\\/\\\/tecnologiaparalaindustria.com\\\/#\\\/schema\\\/logo\\\/image\\\/\"},\"sameAs\":[\"https:\\\/\\\/www.facebook.com\\\/tecnologiaparalaindustria\",\"https:\\\/\\\/www.instagram.com\\\/tecnologiaparalaindustria\\\/\"]},{\"@type\":\"Person\",\"@id\":\"https:\\\/\\\/tecnologiaparalaindustria.com\\\/#\\\/schema\\\/person\\\/d04140bd22bb08f9a61cd720e5fe5038\",\"name\":\"REDACCI\u00d3N\",\"image\":{\"@type\":\"ImageObject\",\"inLanguage\":\"pt-PT\",\"@id\":\"https:\\\/\\\/secure.gravatar.com\\\/avatar\\\/daafa31e3c3038855edc007ca2e41a7f1af1259b6b79b93359d6de82934c5943?s=96&d=mm&r=g\",\"url\":\"https:\\\/\\\/secure.gravatar.com\\\/avatar\\\/daafa31e3c3038855edc007ca2e41a7f1af1259b6b79b93359d6de82934c5943?s=96&d=mm&r=g\",\"contentUrl\":\"https:\\\/\\\/secure.gravatar.com\\\/avatar\\\/daafa31e3c3038855edc007ca2e41a7f1af1259b6b79b93359d6de82934c5943?s=96&d=mm&r=g\",\"caption\":\"REDACCI\u00d3N\"},\"sameAs\":[\"https:\\\/\\\/tecnologiaparalaindustria.com\\\/\"]}]}<\/script>\n<!-- \/ Yoast SEO plugin. -->","yoast_head_json":{"title":"\u00bfCu\u00e1l es la temperatura ideal para compresores de aire?","description":"Cu\u00e1l es la temperatura \u00f3ptima para compresores de aire, c\u00f3mo afecta a los equipos y consejos para mejorar el funcionamiento en temperaturas c\u00e1lidas y fr\u00edas","robots":{"index":"index","follow":"follow","max-snippet":"max-snippet:-1","max-image-preview":"max-image-preview:large","max-video-preview":"max-video-preview:-1"},"canonical":"https:\/\/tecnologiaparalaindustria.com\/pt\/cual-es-la-temperatura-optima-para-compresores-de-aire\/","og_locale":"pt_PT","og_type":"article","og_title":"\u00bfCu\u00e1l es la temperatura ideal para compresores de aire?","og_description":"Cu\u00e1l es la temperatura \u00f3ptima para compresores de aire, c\u00f3mo afecta a los equipos y consejos para mejorar el funcionamiento en temperaturas c\u00e1lidas y fr\u00edas","og_url":"https:\/\/tecnologiaparalaindustria.com\/pt\/cual-es-la-temperatura-optima-para-compresores-de-aire\/","og_site_name":"Tecnolog\u00eda para la Industria","article_publisher":"https:\/\/www.facebook.com\/tecnologiaparalaindustria","article_published_time":"2022-08-08T09:00:45+00:00","article_modified_time":"2025-07-22T12:16:22+00:00","og_image":[{"width":1200,"height":628,"url":"https:\/\/tecnologiaparalaindustria.com\/wp-content\/uploads\/2022\/08\/Temperatura-ideal-para-compresores-de-aire-jpg.webp","type":"image\/jpeg"}],"author":"REDACCI\u00d3N","twitter_card":"summary_large_image","twitter_misc":{"Escrito por":"REDACCI\u00d3N","Tempo estimado de leitura":"5 minutos"},"schema":{"@context":"https:\/\/schema.org","@graph":[{"@type":"Article","@id":"https:\/\/tecnologiaparalaindustria.com\/cual-es-la-temperatura-optima-para-compresores-de-aire\/#article","isPartOf":{"@id":"https:\/\/tecnologiaparalaindustria.com\/cual-es-la-temperatura-optima-para-compresores-de-aire\/"},"author":{"name":"REDACCI\u00d3N","@id":"https:\/\/tecnologiaparalaindustria.com\/#\/schema\/person\/d04140bd22bb08f9a61cd720e5fe5038"},"headline":"\u00bfCu\u00e1l es la temperatura \u00f3ptima para compresores de aire?","datePublished":"2022-08-08T09:00:45+00:00","dateModified":"2025-07-22T12:16:22+00:00","mainEntityOfPage":{"@id":"https:\/\/tecnologiaparalaindustria.com\/cual-es-la-temperatura-optima-para-compresores-de-aire\/"},"wordCount":1106,"commentCount":0,"publisher":{"@id":"https:\/\/tecnologiaparalaindustria.com\/#organization"},"image":{"@id":"https:\/\/tecnologiaparalaindustria.com\/cual-es-la-temperatura-optima-para-compresores-de-aire\/#primaryimage"},"thumbnailUrl":"https:\/\/tecnologiaparalaindustria.com\/wp-content\/uploads\/2022\/08\/Temperatura-ideal-para-compresores-de-aire-jpg.webp","articleSection":["Equipos Industriales"],"inLanguage":"pt-PT","potentialAction":[{"@type":"CommentAction","name":"Comment","target":["https:\/\/tecnologiaparalaindustria.com\/cual-es-la-temperatura-optima-para-compresores-de-aire\/#respond"]}]},{"@type":"WebPage","@id":"https:\/\/tecnologiaparalaindustria.com\/cual-es-la-temperatura-optima-para-compresores-de-aire\/","url":"https:\/\/tecnologiaparalaindustria.com\/cual-es-la-temperatura-optima-para-compresores-de-aire\/","name":"\u00bfCu\u00e1l es la temperatura ideal para compresores de aire?","isPartOf":{"@id":"https:\/\/tecnologiaparalaindustria.com\/#website"},"primaryImageOfPage":{"@id":"https:\/\/tecnologiaparalaindustria.com\/cual-es-la-temperatura-optima-para-compresores-de-aire\/#primaryimage"},"image":{"@id":"https:\/\/tecnologiaparalaindustria.com\/cual-es-la-temperatura-optima-para-compresores-de-aire\/#primaryimage"},"thumbnailUrl":"https:\/\/tecnologiaparalaindustria.com\/wp-content\/uploads\/2022\/08\/Temperatura-ideal-para-compresores-de-aire-jpg.webp","datePublished":"2022-08-08T09:00:45+00:00","dateModified":"2025-07-22T12:16:22+00:00","description":"Cu\u00e1l es la temperatura \u00f3ptima para compresores de aire, c\u00f3mo afecta a los equipos y consejos para mejorar el funcionamiento en temperaturas c\u00e1lidas y fr\u00edas","breadcrumb":{"@id":"https:\/\/tecnologiaparalaindustria.com\/cual-es-la-temperatura-optima-para-compresores-de-aire\/#breadcrumb"},"inLanguage":"pt-PT","potentialAction":[{"@type":"ReadAction","target":["https:\/\/tecnologiaparalaindustria.com\/cual-es-la-temperatura-optima-para-compresores-de-aire\/"]}]},{"@type":"ImageObject","inLanguage":"pt-PT","@id":"https:\/\/tecnologiaparalaindustria.com\/cual-es-la-temperatura-optima-para-compresores-de-aire\/#primaryimage","url":"https:\/\/tecnologiaparalaindustria.com\/wp-content\/uploads\/2022\/08\/Temperatura-ideal-para-compresores-de-aire-jpg.webp","contentUrl":"https:\/\/tecnologiaparalaindustria.com\/wp-content\/uploads\/2022\/08\/Temperatura-ideal-para-compresores-de-aire-jpg.webp","width":1200,"height":628,"caption":"Temperatura ideal para compresores de aire"},{"@type":"BreadcrumbList","@id":"https:\/\/tecnologiaparalaindustria.com\/cual-es-la-temperatura-optima-para-compresores-de-aire\/#breadcrumb","itemListElement":[{"@type":"ListItem","position":1,"name":"Home","item":"https:\/\/tecnologiaparalaindustria.com\/"},{"@type":"ListItem","position":2,"name":"\u00bfCu\u00e1l es la temperatura \u00f3ptima para compresores de aire?"}]},{"@type":"WebSite","@id":"https:\/\/tecnologiaparalaindustria.com\/#website","url":"https:\/\/tecnologiaparalaindustria.com\/","name":"Tecnologia para a ind\u00fastria","description":"Solu\u00e7\u00f5es tecnol\u00f3gicas para instala\u00e7\u00f5es industriais","publisher":{"@id":"https:\/\/tecnologiaparalaindustria.com\/#organization"},"potentialAction":[{"@type":"SearchAction","target":{"@type":"EntryPoint","urlTemplate":"https:\/\/tecnologiaparalaindustria.com\/?s={search_term_string}"},"query-input":{"@type":"PropertyValueSpecification","valueRequired":true,"valueName":"search_term_string"}}],"inLanguage":"pt-PT"},{"@type":"Organization","@id":"https:\/\/tecnologiaparalaindustria.com\/#organization","name":"TPI - Tecnologia para a Ind\u00fastria","url":"https:\/\/tecnologiaparalaindustria.com\/","logo":{"@type":"ImageObject","inLanguage":"pt-PT","@id":"https:\/\/tecnologiaparalaindustria.com\/#\/schema\/logo\/image\/","url":"https:\/\/tecnologiaparalaindustria.com\/wp-content\/uploads\/2020\/08\/cropped-LOGO-FONDO-BLANCO.png","contentUrl":"https:\/\/tecnologiaparalaindustria.com\/wp-content\/uploads\/2020\/08\/cropped-LOGO-FONDO-BLANCO.png","width":520,"height":289,"caption":"TPI - Tecnolog\u00eda para la Industria"},"image":{"@id":"https:\/\/tecnologiaparalaindustria.com\/#\/schema\/logo\/image\/"},"sameAs":["https:\/\/www.facebook.com\/tecnologiaparalaindustria","https:\/\/www.instagram.com\/tecnologiaparalaindustria\/"]},{"@type":"Person","@id":"https:\/\/tecnologiaparalaindustria.com\/#\/schema\/person\/d04140bd22bb08f9a61cd720e5fe5038","name":"EDITORIAL","image":{"@type":"ImageObject","inLanguage":"pt-PT","@id":"https:\/\/secure.gravatar.com\/avatar\/daafa31e3c3038855edc007ca2e41a7f1af1259b6b79b93359d6de82934c5943?s=96&d=mm&r=g","url":"https:\/\/secure.gravatar.com\/avatar\/daafa31e3c3038855edc007ca2e41a7f1af1259b6b79b93359d6de82934c5943?s=96&d=mm&r=g","contentUrl":"https:\/\/secure.gravatar.com\/avatar\/daafa31e3c3038855edc007ca2e41a7f1af1259b6b79b93359d6de82934c5943?s=96&d=mm&r=g","caption":"REDACCI\u00d3N"},"sameAs":["https:\/\/tecnologiaparalaindustria.com\/"]}]}},"featured_image_src":"https:\/\/tecnologiaparalaindustria.com\/wp-content\/uploads\/2022\/08\/Temperatura-ideal-para-compresores-de-aire-600x400.webp","featured_image_src_square":"https:\/\/tecnologiaparalaindustria.com\/wp-content\/uploads\/2022\/08\/Temperatura-ideal-para-compresores-de-aire-600x600.webp","author_info":{"display_name":"REDACCI\u00d3N","author_link":"https:\/\/tecnologiaparalaindustria.com\/pt\/author\/tecnologiavao\/"},"acf":[],"_links":{"self":[{"href":"https:\/\/tecnologiaparalaindustria.com\/pt\/wp-json\/wp\/v2\/posts\/27070","targetHints":{"allow":["GET"]}}],"collection":[{"href":"https:\/\/tecnologiaparalaindustria.com\/pt\/wp-json\/wp\/v2\/posts"}],"about":[{"href":"https:\/\/tecnologiaparalaindustria.com\/pt\/wp-json\/wp\/v2\/types\/post"}],"author":[{"embeddable":true,"href":"https:\/\/tecnologiaparalaindustria.com\/pt\/wp-json\/wp\/v2\/users\/2"}],"replies":[{"embeddable":true,"href":"https:\/\/tecnologiaparalaindustria.com\/pt\/wp-json\/wp\/v2\/comments?post=27070"}],"version-history":[{"count":0,"href":"https:\/\/tecnologiaparalaindustria.com\/pt\/wp-json\/wp\/v2\/posts\/27070\/revisions"}],"wp:featuredmedia":[{"embeddable":true,"href":"https:\/\/tecnologiaparalaindustria.com\/pt\/wp-json\/wp\/v2\/media\/27071"}],"wp:attachment":[{"href":"https:\/\/tecnologiaparalaindustria.com\/pt\/wp-json\/wp\/v2\/media?parent=27070"}],"wp:term":[{"taxonomy":"category","embeddable":true,"href":"https:\/\/tecnologiaparalaindustria.com\/pt\/wp-json\/wp\/v2\/categories?post=27070"},{"taxonomy":"post_tag","embeddable":true,"href":"https:\/\/tecnologiaparalaindustria.com\/pt\/wp-json\/wp\/v2\/tags?post=27070"}],"curies":[{"name":"wp","href":"https:\/\/api.w.org\/{rel}","templated":true}]}}